{"id":99,"date":"2007-09-26T05:51:30","date_gmt":"2007-09-26T04:51:30","guid":{"rendered":"http:\/\/prccevian.free.fr\/?p=99"},"modified":"2007-09-26T05:51:30","modified_gmt":"2007-09-26T04:51:30","slug":"lundi24-septembre","status":"publish","type":"post","link":"https:\/\/louvionnets.fr\/blog\/?p=99","title":{"rendered":"lundi 24 septembre"},"content":{"rendered":"<ul>\n<li>\n<p style=\"margin-bottom: 0cm\" align=\"justify\">Ce matin nous sommes \ttrois avec Fr\u00e9d\u00e9ric qui  passera la matin\u00e9e \tavec nous. Nous chargeons six balises. Trois seront pos\u00e9es \tdepuis Thollon sur la variante du Littoral L\u00e9man au d\u00e9part \tde Thollon Lajoux via Les Reboux en direction de Meillerie (chemin \tdes carriers). Les trois autres seront pos\u00e9es depuis les \tCombes sur la commune de Lugrin sur  la portion du Littoral L\u00e9man \tralliant le hameau du Hucel ainsi que Meillerie.<\/p>\n<\/li>\n<li>\n<p style=\"margin-bottom: 0cm\" align=\"justify\"><em><u><\/u><\/em>Depuis Lajoux nous descendons une piste carrossable sur deux \tcents m\u00e8tres environ. Nous descendons \u00e0 dos d\u2019hommes \tle n\u00e9cessaire pour les trois balises. Apr\u00e8s avoir \tpass\u00e9 les chalets des Reboux, nous descendons notre chemin \tjusqu\u2019\u00e0 croiser une piste foresti\u00e8re. Nous posons \u00e0 \tcet endroit la <strong>LL2-B9B<\/strong> pour interdire cette piste.<\/p>\n<\/li>\n<li>\n<p style=\"margin-bottom: 0cm\" align=\"justify\"><em><u><\/u><\/em>Nous arrivons au d\u00e9part des lacets du sentier des Carriers \tutilis\u00e9 nagu\u00e8re par les habitants de Thollon \ttravaillant aux carri\u00e8res de Meillerie. Au premier lacet nous \tposons <strong>LL2-B9.<\/strong> Curieusement, nous trouvons \u00e0 cet \tendroit une poussette cane en parfait \u00e9tat ! Il faut \tsouligner que ce sentier n\u2019est absolument pas appropri\u00e9 \u00e0 \tce moyen de transport. Nous ramenons donc cette  poussette.<\/p>\n<\/li>\n<li>\n<p style=\"margin-bottom: 0cm\" align=\"justify\"><em><u><\/u><\/em>Quelques lacets plus bas, au d\u00e9part de l\u2019ancien trac\u00e9 \tdu sentier qui a \u00e9t\u00e9 d\u00e9plac\u00e9 pour cause \td\u2019une future extension due la carri\u00e8re, nous posons <strong>LL2-B8<\/strong>.<\/p>\n<\/li>\n<li>\n<p style=\"margin-bottom: 0cm\" align=\"justify\"><em><u><\/u><\/em>Nous rejoignons nos v\u00e9hicules \u00e0 Lajoux et apr\u00e8s \tnous \u00eatres s\u00e9par\u00e9s de Fr\u00e9d\u00e9ric \tnous nous rendons au hameau des Combes en passant par les hauts de \tLugrin. Sur remarque de Fr\u00e9d\u00e9ric, nous nous arr\u00eatons \t\u00e0 l\u2019endroit o\u00f9 le sentier Littoral L\u00e9man \tvenant de Maxilly par le Pr\u00e9 Carraud coupe la d\u00e9partemental \tjuste avant d\u2019arriver Cher les Servoz. L\u00e0, nous constatons \tque la balise <strong>LL3-B18<\/strong> pos\u00e9e le 3 courant (selon \t<em><strong>058-02<\/strong><\/em>) a \u00e9t\u00e9 enlev\u00e9e de son \tsupport le ciment \u00e9tant encore frais. Nous reviendrons la \treposer ult\u00e9rieurement, mais plus pr\u00e8s de la route;  \tpeut-\u00eatre avons nous froiss\u00e9 un propri\u00e9taire en \tempi\u00e9tant sur son bien.<\/p>\n<\/li>\n<li>\n<p style=\"margin-bottom: 0cm\" align=\"justify\"><em><u><\/u><\/em> Arriv\u00e9 aux Combes, nous prenons le sentier du littoral \tL\u00e9man qui part du village pour rejoindre Le Hucel sur Thollon \td\u2019une part, et Meillerie par le Cotelet d\u2019autre part. Tout de \tsuite apr\u00e8s le d\u00e9part du sentier, nous posons <strong>LL3-B1<\/strong> \tpour interdire deux pistes partant simultan\u00e9ment sur la \tdroite.<\/p>\n<\/li>\n<li>\n<p style=\"margin-bottom: 0cm\" align=\"justify\"><em><u><\/u><\/em>Deux cents m\u00e8tres plus en avant, sur un chemin d\u2019une \tqualit\u00e9 remarquable, nous posons tout de suite apr\u00e8s \tun ruisseau d\u2019\u00e9coulement venant d\u2019un bassin de \td\u00e9cantation situ\u00e9 juste au dessus <strong>LL3-B2<\/strong> avec \tindication de continuer tout droit, une tr\u00e8s large piste \tdescendant sur la gauche.<\/p>\n<\/li>\n<li>\n<p style=\"margin-bottom: 0cm\" align=\"justify\">Nous continuons, nous croisons successivement trois chables bien \tmarqu\u00e9s, nous rejoignons le sentier venant de Troubois, nous \tpassons la bifurcation indiquant la mont\u00e9e sur la droite vers \tThollon via le Hucel, puis nous arrivons sur un chable tr\u00e8s \tlarge facilement assimilable \u00e0 une piste et montant sur la \tdroite en \u00e9pis. Le sentier en direction de Meillerie via le \tCotelet continue tout droit en se r\u00e9tr\u00e9cissant. Nous \tposons \u00e0 cet endroit <strong>LL3-B3<\/strong>.<\/p>\n<\/li>\n<\/ul>\n","protected":false},"excerpt":{"rendered":"<p>Ce matin nous sommes trois avec Fr\u00e9d\u00e9ric qui passera la matin\u00e9e avec nous. Nous chargeons six balises. Trois seront pos\u00e9es depuis Thollon sur la variante du Littoral L\u00e9man au d\u00e9part de Thollon Lajoux via Les Reboux en direction de Meillerie (chemin des carriers). Les trois autres seront pos\u00e9es depuis les Combes sur la commune de <a class=\"continue\" href=\"https:\/\/louvionnets.fr\/blog\/?p=99\">[Continue]<\/a><\/p>\n","protected":false},"author":1,"featured_media":0,"comment_status":"open","ping_status":"open","sticky":false,"template":"","format":"standard","meta":{"footnotes":""},"categories":[2],"tags":[],"class_list":["post-99","post","type-post","status-publish","format-standard","hentry","category-blogroll"],"_links":{"self":[{"href":"https:\/\/louvionnets.fr\/blog\/index.php?rest_route=\/wp\/v2\/posts\/99","targetHints":{"allow":["GET"]}}],"collection":[{"href":"https:\/\/louvionnets.fr\/blog\/index.php?rest_route=\/wp\/v2\/posts"}],"about":[{"href":"https:\/\/louvionnets.fr\/blog\/index.php?rest_route=\/wp\/v2\/types\/post"}],"author":[{"embeddable":true,"href":"https:\/\/louvionnets.fr\/blog\/index.php?rest_route=\/wp\/v2\/users\/1"}],"replies":[{"embeddable":true,"href":"https:\/\/louvionnets.fr\/blog\/index.php?rest_route=%2Fwp%2Fv2%2Fcomments&post=99"}],"version-history":[{"count":0,"href":"https:\/\/louvionnets.fr\/blog\/index.php?rest_route=\/wp\/v2\/posts\/99\/revisions"}],"wp:attachment":[{"href":"https:\/\/louvionnets.fr\/blog\/index.php?rest_route=%2Fwp%2Fv2%2Fmedia&parent=99"}],"wp:term":[{"taxonomy":"category","embeddable":true,"href":"https:\/\/louvionnets.fr\/blog\/index.php?rest_route=%2Fwp%2Fv2%2Fcategories&post=99"},{"taxonomy":"post_tag","embeddable":true,"href":"https:\/\/louvionnets.fr\/blog\/index.php?rest_route=%2Fwp%2Fv2%2Ftags&post=99"}],"curies":[{"name":"wp","href":"https:\/\/api.w.org\/{rel}","templated":true}]}}