{"id":96,"date":"2007-09-19T17:00:46","date_gmt":"2007-09-19T16:00:46","guid":{"rendered":"http:\/\/prccevian.free.fr\/?p=96"},"modified":"2007-09-19T17:00:46","modified_gmt":"2007-09-19T16:00:46","slug":"lundi-17-septembre","status":"publish","type":"post","link":"https:\/\/louvionnets.fr\/blog\/?p=96","title":{"rendered":"lundi 17 septembre"},"content":{"rendered":"<ul>\n<li>\n<p style=\"margin-bottom: 0cm\">Ce matin nous sommes trois avec \tFr\u00e9d\u00e9ric qui nous accompagne pour la matin\u00e9e. \tNous nous rendons \u00e0 Thollon o\u00f9 nous poserons sept \tbalises du littoral l\u00e9man.<\/p>\n<\/li>\n<li>\n<p style=\"margin-bottom: 0cm\"><em><u><\/u><\/em>Nous stationnons nos v\u00e9hicules au hameau du Hucel pour \tdescendre en direction de Troubois par la variante du Littoral \tL\u00e9man. Nous posons une premi\u00e8re balise <strong>LL9-B2<\/strong> \u00e0 \tl\u2019altitude 810m pour interdire une piste sur la droite.<\/p>\n<\/li>\n<li>\n<p style=\"margin-bottom: 0cm\"><em><u><\/u><\/em>Nous continuons et pour confirmer la continuit\u00e9 du parcours \tnous posons \u00e0 l\u2019altitude 670 la balise <strong>LL9-B1<\/strong>.<\/p>\n<\/li>\n<li>\n<p style=\"margin-bottom: 0cm\"><em><u><\/u><\/em>Nous nous rendons ensuite au hameau de Lajoux pour rejoindre la \tpartie haute du Littoral L\u00e9man partant de Meillerie en \tempruntant la Boucle des Carriers pour redescendre sur le village de \tLocum via Les Plant\u00e9es. Nous descendons avec nos v\u00e9hicules \tpar une piste sur environ deux cents m\u00e8tres dans la direction \tde Meillerie. L\u00e0, nous posons <strong>LL2-B11<\/strong>.<\/p>\n<\/li>\n<li>\n<p style=\"margin-bottom: 0cm\"><em><u><\/u><\/em>Apr\u00e8s nous \u00eatre s\u00e9par\u00e9s de Fr\u00e9d\u00e9ric \tnous rejoignons Lajoux, continuons en direction du Grand Roc et au \tgrand virage altitude 1020m nous descendons avec notre chargement en \tsuivant le parcours direction Locum \u2013 Les Plant\u00e9es. A \tl\u2019altitude 915m nous posons <strong>LL2-B14<\/strong> pour interdire un \tchable arrivant sur la droite.<\/p>\n<\/li>\n<li>\n<p style=\"margin-bottom: 0cm\"><em><u><\/u><\/em>Plus bas, \u00e0 l\u2019altitude 920m, nous posons <strong>LL2-B15<\/strong> \tpour bifurcation sur la gauche, un sentier continuant tout droit.<\/p>\n<\/li>\n<li>\n<p style=\"margin-bottom: 0cm\"><em><u><\/u><\/em>Nous revenons chercher notre v\u00e9hicule pour revenir dans la \tm\u00eame direction poser les deux autres balises en suivant la \tpiste qui nous a paru carrossable sur une bonne distance.<font color=\"#ff0000\"><em><u><strong> \t<\/strong><\/u><\/em><\/font>Nous posons <strong>LL2-B12<\/strong> pour interdire une \tlarge piste partant \u00e0 droite, puis plus bas <strong>LL2-B13<\/strong> \tjuste avant un contour en \u00e9pingle sur la gauche et en \tlaissant un chemin sur la droite.<\/p>\n<\/li>\n<li>\n<p style=\"margin-bottom: 0cm\"><em><u><\/u><\/em>En \tredescendant au local, nous nous arr\u00eatons pour rencontrer le \tresponsable technique de la t\u00e9l\u00e9cabine de la station \tde Thollon afin d\u2019organiser le transport du mat\u00e9riel \tn\u00e9cessaire \u00e0 notre op\u00e9ration de mercredi \tprochain savoir la pose du balisage des M\u00e9mises.<\/p>\n<\/li>\n<li>\n<p style=\"margin-bottom: 0cm\"><font color=\"#ff0000\"><em><u><\/u><\/em><\/font><font color=\"#ff0000\"><em>Par la m\u00eame occasion, celui-ci nous demande de prendre les \tmesures n\u00e9cessaires pour la d\u00e9viation du parcours du \tBalcon du L\u00e9man au dessus du chalet de Nordevaux. Le sentier \tpasse en partie sur la zone prot\u00e9g\u00e9e d\u2019un captage \td\u2019eau.<\/em><\/font><\/p>\n<\/li>\n<li>\n<p style=\"margin-bottom: 0cm\"><em><u><\/u><\/em>Nous rentrons au local o\u00f9 nous proc\u00e9dons au montage de \tquelques balises.<\/p>\n<\/li>\n<\/ul>\n","protected":false},"excerpt":{"rendered":"<p>Ce matin nous sommes trois avec Fr\u00e9d\u00e9ric qui nous accompagne pour la matin\u00e9e. Nous nous rendons \u00e0 Thollon o\u00f9 nous poserons sept balises du littoral l\u00e9man. Nous stationnons nos v\u00e9hicules au hameau du Hucel pour descendre en direction de Troubois par la variante du Littoral L\u00e9man. Nous posons une premi\u00e8re balise LL9-B2 \u00e0 l\u2019altitude 810m <a class=\"continue\" href=\"https:\/\/louvionnets.fr\/blog\/?p=96\">[Continue]<\/a><\/p>\n","protected":false},"author":1,"featured_media":0,"comment_status":"open","ping_status":"open","sticky":false,"template":"","format":"standard","meta":{"footnotes":""},"categories":[2],"tags":[],"class_list":["post-96","post","type-post","status-publish","format-standard","hentry","category-blogroll"],"_links":{"self":[{"href":"https:\/\/louvionnets.fr\/blog\/index.php?rest_route=\/wp\/v2\/posts\/96","targetHints":{"allow":["GET"]}}],"collection":[{"href":"https:\/\/louvionnets.fr\/blog\/index.php?rest_route=\/wp\/v2\/posts"}],"about":[{"href":"https:\/\/louvionnets.fr\/blog\/index.php?rest_route=\/wp\/v2\/types\/post"}],"author":[{"embeddable":true,"href":"https:\/\/louvionnets.fr\/blog\/index.php?rest_route=\/wp\/v2\/users\/1"}],"replies":[{"embeddable":true,"href":"https:\/\/louvionnets.fr\/blog\/index.php?rest_route=%2Fwp%2Fv2%2Fcomments&post=96"}],"version-history":[{"count":0,"href":"https:\/\/louvionnets.fr\/blog\/index.php?rest_route=\/wp\/v2\/posts\/96\/revisions"}],"wp:attachment":[{"href":"https:\/\/louvionnets.fr\/blog\/index.php?rest_route=%2Fwp%2Fv2%2Fmedia&parent=96"}],"wp:term":[{"taxonomy":"category","embeddable":true,"href":"https:\/\/louvionnets.fr\/blog\/index.php?rest_route=%2Fwp%2Fv2%2Fcategories&post=96"},{"taxonomy":"post_tag","embeddable":true,"href":"https:\/\/louvionnets.fr\/blog\/index.php?rest_route=%2Fwp%2Fv2%2Ftags&post=96"}],"curies":[{"name":"wp","href":"https:\/\/api.w.org\/{rel}","templated":true}]}}