{"id":95,"date":"2007-09-15T18:50:35","date_gmt":"2007-09-15T17:50:35","guid":{"rendered":"http:\/\/prccevian.free.fr\/?p=95"},"modified":"2007-09-15T18:50:35","modified_gmt":"2007-09-15T17:50:35","slug":"vendredi-14-septembre","status":"publish","type":"post","link":"https:\/\/louvionnets.fr\/blog\/?p=95","title":{"rendered":"vendredi 14 septembre"},"content":{"rendered":"<ul>\n<li>\n<p style=\"margin-bottom: 0cm\">Nous partons du local avec 13 \tbalises \u00e0 poser sur le parcours du Littoral L\u00e9man. Les \tportions de parcours concern\u00e9es passent sur la commune de \tNeuvecelle, puis sur celles de Publier et de Marin.<\/p>\n<\/li>\n<li>\n<p style=\"margin-bottom: 0cm\"><em><u><\/u><\/em>Nous nous rendons tout d\u2019abord au d\u00e9part des bois au dessus \tde Chez les Rebets, sur la commune de Neuvecelle, pour<font color=\"#ff0000\"><em> \t<\/em><\/font>remplacer le pictogramme directionnel double fl\u00e8ches \tde continuit\u00e9 par deux simples fl\u00e8ches de bifurcation \tsur la balise <strong>LL5-B23<\/strong> (voir notre pr\u00e9c\u00e9dent CR \t<em><strong>selon 062-06<\/strong><\/em>). Cette balise aurait \u00e9t\u00e9 \tmieux plac\u00e9e tout de suite au dessus du d\u00e9part du \tchable actuellement en cours de remise en \u00e9tat, car elle est \tsitu\u00e9e une vingtaine de m\u00e8tres trop \u00e0 gauche. \tCette op\u00e9ration de d\u00e9placement relativement simple \tpourrait \u00eatre r\u00e9alis\u00e9e ult\u00e9rieurement.<\/p>\n<\/li>\n<li>\n<p style=\"margin-bottom: 0cm\"><em><u><\/u><\/em>Nous nous rendons ensuite au parc de Neuvecelle et nous nous \tarr\u00eatons peu avant le parking pour <font color=\"#ff0000\"><em> \t<\/em><\/font>remplacer le pictogramme directionnel double fl\u00e8ches \tde continuit\u00e9 par deux simples fl\u00e8ches de bifurcation \tsur la balise <strong>LL5-B27<\/strong> (voir notre pr\u00e9c\u00e9dent CR \t<em><strong>selon 062-09<\/strong><\/em>).<\/p>\n<\/li>\n<li>\n<p style=\"margin-bottom: 0cm\"><em><u><\/u><\/em>Nous stationnons notre voiture au parking du parc pour poser quatre \tbalises du Littoral L\u00e9man. Nous constatons que l\u2019aire de \tpique nique am\u00e9nag\u00e9e de tables install\u00e9es pour \tle bonheur des promeneurs est jonch\u00e9e des d\u00e9tritus \tlaiss\u00e9s sans doute par une bande de f\u00eatards la veille \t(nous \u00e9tions pass\u00e9s l\u00e0 deux jours plus t\u00f4t \tet c\u2019\u00e9tait propre). A cinq m\u00e8tres de l\u00e0 se \ttrouve une poubelle \u00e0 la disposition du public. Nous trouvons \tm\u00eame au sol plusieurs bouteilles de verre bris\u00e9es et \tdes canettes dans le lac situ\u00e9 au dessus. Nous faisons le \tm\u00e9nage.<\/p>\n<\/li>\n<li>\n<p style=\"margin-bottom: 0cm\"><em><u><\/u><\/em>Nous organisons le transport \u00e0 dos de quatre balises qui sont \t\u00e0 poser plus haut sur l\u2019itin\u00e9raire. D\u2019abord la \t<strong>LL8-B1<\/strong> \u00e0 poser \u00e0 la sortie du parc en direction \tde Maxilly.<\/p>\n<\/li>\n<li>\n<p style=\"margin-bottom: 0cm\"><em><u><\/u><\/em>Nous posons ensuite la <strong>LL8-B2,<\/strong> vingt m\u00e8tres en \tdirection du parc au niveau des troncs (pas japonais) du parcours \tsportif.<\/p>\n<\/li>\n<li>\n<p style=\"margin-bottom: 0cm\"><em><u><\/u><\/em>Un \tpeu plus haut nous posons la <strong>LL8-B3<\/strong>, puis la <strong>LL8-B4<\/strong> au \tniveau du lac au h\u00e9ron.<\/p>\n<\/li>\n<li>\n<p style=\"margin-bottom: 0cm\"><em><u><\/u><\/em>Nous rejoignons avec notre v\u00e9hicule la sortie du parcours sur \tla route Neuvecelle-Saint Paul par Chez Potruz. Nous posons au \tdessus de la grotte et de la table panoramique <strong>LL8-B5<\/strong>.<\/p>\n<\/li>\n<li>\n<p style=\"margin-bottom: 0cm\"><em><u><\/u><\/em>Nous nous retrouvons \u00e0 Pont de Dranse sur la commune de \tPublier pour poser les balises <strong>LL7-B1<\/strong> \u00e0 <strong>LL7-B4.<\/strong><\/p>\n<\/li>\n<li>\n<p style=\"margin-bottom: 0cm\"><em><u><\/u><\/em>Tout de suite apr\u00e8s le pont et l\u2019acc\u00e8s \u00e0 la \tvoie rapide, nous posons sur la N5 c\u00f4t\u00e9 lac, au premier \tpassage pi\u00e9ton, <strong>LL7-B1<\/strong> avec indication de traverser la \tnationale. De l\u2019autre c\u00f4t\u00e9 de la route nous posons \t<strong>LL7-B2<\/strong> avec indication de prendre la route descendant sur la \tgauche pour \u00e9viter de longer la nationale. Nous subissons \u00e0 \tcontre c\u0153ur le flux d\u00e9mentiel de la circulation qui tranche \tavec la tranquillit\u00e9 des sentiers dont nous sommes \tcoutumiers.<\/p>\n<\/li>\n<li>\n<p style=\"margin-bottom: 0cm\"><em><u><\/u><\/em>Tout en restant parall\u00e8le \u00e0 la N5 nous posons <strong>LL7-B3<\/strong> \tpuis <strong>LL7-B4<\/strong> qui revient sur la nationale. Le parcours \tcontinue puis bifurque sur la droite en passant sous le pont enjamb\u00e9 \tpar la voie rapide et en laissant sur la gauche la route d\u2019acc\u00e8s \tau ch\u00e2teau de Blonnay. Nous sommes sur la commune de Marin. Le \tparcours tourne \u00e0 droite, puis remonte \u00e0 gauche en \tsuivant les vestiges de  l\u2019ancienne route des Alpes. L\u00e0, \tsur notre droite au bord d\u2019un chemin goudronn\u00e9, se trouve \tla <strong>LL7-B5<\/strong> que nous posons.<\/p>\n<\/li>\n<li>\n<p style=\"margin-bottom: 0cm\"><em><u><\/u><\/em>Nous remontons sur une centaine de m\u00e8tres jusqu\u2019\u00e0 \tl\u2019intersection de la D32 que le parcours traverse apr\u00e8s \tl\u2019\u00e9pingle au dessus de la zone artisanale. Nous posons de \tpart et d\u2019autre de l\u2019intersection et sur notre  gauche en \tmontant les balises <strong>LL7-B6<\/strong> et <strong>LL7-B7.<\/strong><\/p>\n<\/li>\n<li>\n<p style=\"margin-bottom: 0cm\"><em><u><\/u><\/em>Cent m\u00e8tres au dessus de la D32, nous retrouvons la route \tconduisant \u00e0 Marinel. Nous posons sur la gauche la derni\u00e8re \tbalise de la journ\u00e9e, la <strong>LL7-B8<\/strong>.<\/p>\n<\/li>\n<\/ul>\n","protected":false},"excerpt":{"rendered":"<p>Nous partons du local avec 13 balises \u00e0 poser sur le parcours du Littoral L\u00e9man. Les portions de parcours concern\u00e9es passent sur la commune de Neuvecelle, puis sur celles de Publier et de Marin. Nous nous rendons tout d\u2019abord au d\u00e9part des bois au dessus de Chez les Rebets, sur la commune de Neuvecelle, pour <a class=\"continue\" href=\"https:\/\/louvionnets.fr\/blog\/?p=95\">[Continue]<\/a><\/p>\n","protected":false},"author":1,"featured_media":0,"comment_status":"open","ping_status":"open","sticky":false,"template":"","format":"standard","meta":{"footnotes":""},"categories":[2],"tags":[],"class_list":["post-95","post","type-post","status-publish","format-standard","hentry","category-blogroll"],"_links":{"self":[{"href":"https:\/\/louvionnets.fr\/blog\/index.php?rest_route=\/wp\/v2\/posts\/95","targetHints":{"allow":["GET"]}}],"collection":[{"href":"https:\/\/louvionnets.fr\/blog\/index.php?rest_route=\/wp\/v2\/posts"}],"about":[{"href":"https:\/\/louvionnets.fr\/blog\/index.php?rest_route=\/wp\/v2\/types\/post"}],"author":[{"embeddable":true,"href":"https:\/\/louvionnets.fr\/blog\/index.php?rest_route=\/wp\/v2\/users\/1"}],"replies":[{"embeddable":true,"href":"https:\/\/louvionnets.fr\/blog\/index.php?rest_route=%2Fwp%2Fv2%2Fcomments&post=95"}],"version-history":[{"count":0,"href":"https:\/\/louvionnets.fr\/blog\/index.php?rest_route=\/wp\/v2\/posts\/95\/revisions"}],"wp:attachment":[{"href":"https:\/\/louvionnets.fr\/blog\/index.php?rest_route=%2Fwp%2Fv2%2Fmedia&parent=95"}],"wp:term":[{"taxonomy":"category","embeddable":true,"href":"https:\/\/louvionnets.fr\/blog\/index.php?rest_route=%2Fwp%2Fv2%2Fcategories&post=95"},{"taxonomy":"post_tag","embeddable":true,"href":"https:\/\/louvionnets.fr\/blog\/index.php?rest_route=%2Fwp%2Fv2%2Ftags&post=95"}],"curies":[{"name":"wp","href":"https:\/\/api.w.org\/{rel}","templated":true}]}}