{"id":92,"date":"2007-09-12T06:05:08","date_gmt":"2007-09-12T05:05:08","guid":{"rendered":"http:\/\/prccevian.free.fr\/?p=92"},"modified":"2007-09-12T06:05:08","modified_gmt":"2007-09-12T05:05:08","slug":"lundi-10-septembre","status":"publish","type":"post","link":"https:\/\/louvionnets.fr\/blog\/?p=92","title":{"rendered":"lundi 10 septembre"},"content":{"rendered":"<ul>\n<li>\n<p style=\"margin-bottom: 0cm\">Nous avons rendez vous avec \tFr\u00e9d\u00e9ric \u00e0 la gare amont du funiculaire d\u2019Evian \ten pr\u00e9sence de Monsieur Sylvain Rochy, repr\u00e9sentant de \tla commune d\u2019Evian, pour mettre en place le balisage du Littoral \tL\u00e9man sur Evian. Nous avons pr\u00e9vu de poser neuf \tbalises.<\/p>\n<\/li>\n<li>\n<p style=\"margin-bottom: 0cm\"><em><u><\/u><\/em>Le \td\u00e9part du balisage consid\u00e9r\u00e9 commence au d\u00e9part \tde la rue du Port et consiste en cinq jeux de pictogramme, soit \t<strong>LL5-B6  LL5-B7  LL5-B8  LL5-B9  LL5-B10,<\/strong> \u00e0 poser sur \tle mobilier urbain. Cette op\u00e9ration sera effectu\u00e9e par \tle personnel de la ville d\u2019Evian aux emplacements d\u00e9termin\u00e9s \tce matin m\u00eame.<\/p>\n<\/li>\n<li>\n<p style=\"margin-bottom: 0cm\"><em><u><\/u><\/em>Suite \u00e0 quoi nous posons la balise <strong>LL5-B11<\/strong> le long du \tchemin du Nant d\u2019Enfer longeant le funiculaire, tout de suite en \tmontant, sur la gauche apr\u00e8s le pont de chemin de fer, avant \tle croisement avec le chemin du Georgillet.<\/p>\n<\/li>\n<li>\n<p style=\"margin-bottom: 0cm\"><em><u><\/u><\/em>La \tbalise <strong>LL5-B12<\/strong> sera pos\u00e9e toujours le long du chemin \tdu Nant d\u2019Enfer, \u00e0 gauche au niveau de la sortie du d\u00e9p\u00f4t \tdes livraisons du Royal, avec indication de bifurcation sur la \tdroite en montant. Le parcours devient commun au GRP.<\/p>\n<\/li>\n<li>\n<p style=\"margin-bottom: 0cm\"><em><u><\/u><\/em>Nous posons la <strong>LL5-B13<\/strong> cent m\u00e8tres plus loin sur la \tgauche, avant une l\u00e9g\u00e8re courbe sur la gauche.<\/p>\n<\/li>\n<li>\n<p style=\"margin-bottom: 0cm\"><em><u><\/u><\/em>Nous arrivons \u00e0 l\u2019intersection de la route des Mateirons et \tnous posons \u00e0 droite la <strong>LL5-B14<\/strong> avec indication de \tbifurquer \u00e0 gauche en suivant ladite route.<\/p>\n<\/li>\n<li>\n<p style=\"margin-bottom: 0cm\"><em><u><\/u><\/em>Environ cent m\u00e8tres plus loin, nous posons sur la droite la \tbalise <strong>LL5-B15<\/strong> avec indication de monter \u00e0 droite en \tprenant le chemin du Nant d\u2019enfer qui longe le funiculaire.<\/p>\n<\/li>\n<li>\n<p style=\"margin-bottom: 0cm\"><em><u><\/u><\/em>Juste avant le croisement suivant avec la rue de M\u00e9l\u00e8zes, \tnous posons sur la gauche la <strong>LL5-B16<\/strong> avec indication de \tmonter tous droit.<\/p>\n<\/li>\n<li>\n<p style=\"margin-bottom: 0cm\"><em><u><\/u><\/em>Juste avant le croisement avec l\u2019avenue de la Verniaz, sur la \tdroite et face \u00e0 la gare amont du funiculaire, nous posons la \t<strong>LL5-B17<\/strong>.<\/p>\n<\/li>\n<li>\n<p style=\"margin-bottom: 0cm\"><em><u><\/u><\/em>Toujours en montant, nous traversons l\u2019avenue de la Dent d\u2019Oche \tet posons tout de suite \u00e0 gauche la <strong>LL5-B18<\/strong>.<\/p>\n<\/li>\n<li>\n<p style=\"margin-bottom: 0cm\"><em><u><\/u><\/em>Apr\u00e8s avoir rejoint l\u2019avenue du L\u00e9man et pass\u00e9 \tdevant la Verniaz, nous posons sur la droite la <strong>LL5-B19<\/strong> avant \tle croisement de l\u2019avenue de Milly (d\u00e9partementale 21).<\/p>\n<\/li>\n<li>\n<p style=\"margin-bottom: 0cm\"><em><u><\/u><\/em>Nous retournons au local pour proc\u00e9der au montage de 27 \tbalises, en pr\u00e9paration des poses futures, soit\u00a0: \tLittoral L\u00e9man sur Evian et Neuvecelle  \t(Balises LL5-B21 \u00e0 \tLL5-B27)    \t8 balises                         \t\t; Littoral L\u00e9man \tsur Saint Paul\t(Balises LL6-B1  \u00e0 LL6-B5)\t5 balises\t<strong>\t\t<\/strong>; Littoral \tL\u00e9man sur Marin et F\u00e9ternes\tBalises (LL7-B1  \u00e0 \tLL6-B14)\t14 balises<\/p>\n<\/li>\n<\/ul>\n","protected":false},"excerpt":{"rendered":"<p>Nous avons rendez vous avec Fr\u00e9d\u00e9ric \u00e0 la gare amont du funiculaire d\u2019Evian en pr\u00e9sence de Monsieur Sylvain Rochy, repr\u00e9sentant de la commune d\u2019Evian, pour mettre en place le balisage du Littoral L\u00e9man sur Evian. Nous avons pr\u00e9vu de poser neuf balises. Le d\u00e9part du balisage consid\u00e9r\u00e9 commence au d\u00e9part de la rue du Port <a class=\"continue\" href=\"https:\/\/louvionnets.fr\/blog\/?p=92\">[Continue]<\/a><\/p>\n","protected":false},"author":1,"featured_media":0,"comment_status":"open","ping_status":"open","sticky":false,"template":"","format":"standard","meta":{"footnotes":""},"categories":[2],"tags":[],"class_list":["post-92","post","type-post","status-publish","format-standard","hentry","category-blogroll"],"_links":{"self":[{"href":"https:\/\/louvionnets.fr\/blog\/index.php?rest_route=\/wp\/v2\/posts\/92","targetHints":{"allow":["GET"]}}],"collection":[{"href":"https:\/\/louvionnets.fr\/blog\/index.php?rest_route=\/wp\/v2\/posts"}],"about":[{"href":"https:\/\/louvionnets.fr\/blog\/index.php?rest_route=\/wp\/v2\/types\/post"}],"author":[{"embeddable":true,"href":"https:\/\/louvionnets.fr\/blog\/index.php?rest_route=\/wp\/v2\/users\/1"}],"replies":[{"embeddable":true,"href":"https:\/\/louvionnets.fr\/blog\/index.php?rest_route=%2Fwp%2Fv2%2Fcomments&post=92"}],"version-history":[{"count":0,"href":"https:\/\/louvionnets.fr\/blog\/index.php?rest_route=\/wp\/v2\/posts\/92\/revisions"}],"wp:attachment":[{"href":"https:\/\/louvionnets.fr\/blog\/index.php?rest_route=%2Fwp%2Fv2%2Fmedia&parent=92"}],"wp:term":[{"taxonomy":"category","embeddable":true,"href":"https:\/\/louvionnets.fr\/blog\/index.php?rest_route=%2Fwp%2Fv2%2Fcategories&post=92"},{"taxonomy":"post_tag","embeddable":true,"href":"https:\/\/louvionnets.fr\/blog\/index.php?rest_route=%2Fwp%2Fv2%2Ftags&post=92"}],"curies":[{"name":"wp","href":"https:\/\/api.w.org\/{rel}","templated":true}]}}