{"id":91,"date":"2007-09-09T07:50:13","date_gmt":"2007-09-09T06:50:13","guid":{"rendered":"http:\/\/prccevian.free.fr\/?p=91"},"modified":"2007-09-09T07:50:13","modified_gmt":"2007-09-09T06:50:13","slug":"vendredi-7-septembre","status":"publish","type":"post","link":"https:\/\/louvionnets.fr\/blog\/?p=91","title":{"rendered":"vendredi 7 septembre"},"content":{"rendered":"<ul>\n<li>\n<p style=\"margin-bottom: 0cm\">Notre objectif de la journ\u00e9e \test de remettre en \u00e9tat plusieurs poteaux chahut\u00e9s par \tles vaches sur l\u2019alpage de la Case d\u2019Oche et de tirer jusqu\u2019au \tcol des Portes d\u2019Oche. Nous partons de la F\u00e9tiu\u00e8re \to\u00f9 est stationn\u00e9 notre v\u00e9hicule en prenant le \tsentier remontant sur la rive gauche des gorges de Malpasset.<\/p>\n<\/li>\n<li>\n<p style=\"margin-bottom: 0cm\"><em><u><\/u><\/em>Nous rejoignons le lac de la Case d\u2019Oche. Le sentier depuis les \tchalets d\u2019Oche jusqu\u2019au lac nous a paru en bon \u00e9tat, \ttoutefois, la pr\u00e9sence des vaches sur cet alpage brouille \tquelque peu les pistes aux abords m\u00eame du lac et de son \u00e9tang \tannexe, mais la g\u00e9ographie \u00e9vidente des lieux sont \tsans cons\u00e9quence pour une bonne orientation du randonneur.<\/p>\n<\/li>\n<li>\n<p style=\"margin-bottom: 0cm\"><em><u><\/u><\/em>En \tarrivant aux abords de l\u2019\u00e9tang, nous trouvons un premier \tpoteau au sol dirigeant sur les chalets d\u2019Oche. Nous le re-fixons \tsur son support \u00e0 l\u2019aide de boulons po\u00ealiers \ttraversants. Nous le cerclons de fil barbel\u00e9 pour le prot\u00e9ger \tdes vaches.<\/p>\n<\/li>\n<li>\n<p style=\"margin-bottom: 0cm\"><em><u><\/u><\/em>Une \tvingtaine de m\u00e8tres plus loin, nous proc\u00e9dons de m\u00eame \tpour un deuxi\u00e8me poteau dirigeant d\u2019un c\u00f4t\u00e9 \tsur les cols de Planchamp et le col des Portes d\u2019Oche, et de \tl\u2019autre sur le col de la Case d\u2019Oche.<\/p>\n<\/li>\n<li>\n<p style=\"margin-bottom: 0cm\"><em><u><\/u><\/em>Nous partons en direction du col des Portes d\u2019Oche et une centaine \tde m\u00e8tres plus loin nous trouvons deux autres poteaux espac\u00e9s \td\u2019environ cinq m\u00e8tres. Ceux l\u00e0 n\u2019ont pas \u00e9t\u00e9 \trenvers\u00e9s par les vaches. Nous rempla\u00e7ons, sur chacun \td\u2019entre eux, les deux tire-fonds de 70mm par trois boulons \ttraversants po\u00ealier r\u00e9glementaires. Nous les cerclons \t\u00e9galement de fil barbel\u00e9. Un poteau dirige en \tdirection du Ch\u00e2teau d\u2019Oche et du col des Portes d\u2019Oche et \tl\u2019autre en direction du col de Planchamp d\u2019Oche et de la Dent \td\u2019Oche.<\/p>\n<\/li>\n<li>\n<p style=\"margin-bottom: 0cm\"><em><u><\/u><\/em>Nous poursuivons en direction du col des Portes d\u2019Oche et arriv\u00e9 \tau col nous pouvons admirer le lac de Darbon, vert dans son \u00e9crin \tde roches. Au col, nous pla\u00e7ons sur un gros rocher un jeu de \tdeux pictogrammes, soit le pictogramme double fl\u00e8ches et le \tpictogramme avec une barre blanche et une barre rouge.<\/p>\n<\/li>\n<li>\n<p style=\"margin-bottom: 0cm\"><em><u><\/u><\/em>Puis nous revenons sur nos pas en d\u00e9pierrant le sentier sur \tles deux tiers de la distance qui s\u00e9pare le col du lac. Par \tendroits de gros rochers l\u2019on pratiquement effac\u00e9s, nous \tles enlevons ainsi que de nombreuses grosses pierres tout au long de \tce parcours.<\/p>\n<\/li>\n<li>\n<p style=\"margin-bottom: 0cm\"><em><u><\/u><\/em>De \tretour au lac de la Case, nous partons en direction du col de la \tCase, via le GR5, et nous enlevons les deux beaux panneaux \tdirectionnels en bois grav\u00e9 sur un gros poteau cylindrique de \tbois de l\u2019ancien balisage, tout pr\u00e8s du lac et \u00e0 une \tvingtaine de m\u00e8tres du poteau r\u00e9glementaire cit\u00e9 \tplus haut. Ce poteau qui n\u2019\u00e9tait pas fix\u00e9 en \trotation pivotait au gr\u00e8s du vent et des plaisantins, \tindiquant n\u2019importe quelle direction.<\/p>\n<\/li>\n<li>\n<p style=\"margin-bottom: 0cm\"><em><u><\/u><\/em>Une \tcentaine de m\u00e8tres plus haut nous retrouvons une balise \u00e0 \tterre que nous fixons sur son support m\u00e9tallique. Nous la \tgarnissons de son jeu de pictogrammes et la cerclons de fil de \tbarbel\u00e9.<\/p>\n<\/li>\n<li>\n<p style=\"margin-bottom: 0cm\"><font color=\"#ff0000\"><em><u><\/u><\/em><\/font><font color=\"#ff0000\"><em>A mi chemin entre le lac et le \tcol, nous tenons \u00e0 signaler un passage tr\u00e8s expos\u00e9 \tpour ce sentier r\u00e9put\u00e9 facile. En effet, \u00e0 cet \tendroit, le sentier est \u00e9troit ( largeur d\u2019environ 60cm), il \toffre sur deux m\u00e8tres et sur la gauche un ravinement qui se \tr\u00e9v\u00e8lerait fatal en cas de chute. Une s\u00e9curit\u00e9 \tnous semble indispensable.<\/em><\/font><\/p>\n<\/li>\n<li>\n<p style=\"margin-bottom: 0cm\"><em><u><\/u><\/em>Nous passons le col, suivons l\u2019ar\u00eate que nous quittons, \tainsi que le GR5, pour poursuivre en direction du Chalet Vert  puis \tsur une partie de la route des remont\u00e9es m\u00e9caniques. \tNous prenons le chable qui aboutit sur la F\u00e9tiu\u00e8re o\u00f9 \test stationn\u00e9 notre v\u00e9hicule. <font color=\"#ff0000\"><em> \t  <\/em><\/font><\/p>\n<\/li>\n<\/ul>\n<p style=\"margin-left: 0.87cm; margin-bottom: 0cm\">\n","protected":false},"excerpt":{"rendered":"<p>Notre objectif de la journ\u00e9e est de remettre en \u00e9tat plusieurs poteaux chahut\u00e9s par les vaches sur l\u2019alpage de la Case d\u2019Oche et de tirer jusqu\u2019au col des Portes d\u2019Oche. Nous partons de la F\u00e9tiu\u00e8re o\u00f9 est stationn\u00e9 notre v\u00e9hicule en prenant le sentier remontant sur la rive gauche des gorges de Malpasset. Nous rejoignons <a class=\"continue\" href=\"https:\/\/louvionnets.fr\/blog\/?p=91\">[Continue]<\/a><\/p>\n","protected":false},"author":1,"featured_media":0,"comment_status":"open","ping_status":"open","sticky":false,"template":"","format":"standard","meta":{"footnotes":""},"categories":[2],"tags":[],"class_list":["post-91","post","type-post","status-publish","format-standard","hentry","category-blogroll"],"_links":{"self":[{"href":"https:\/\/louvionnets.fr\/blog\/index.php?rest_route=\/wp\/v2\/posts\/91","targetHints":{"allow":["GET"]}}],"collection":[{"href":"https:\/\/louvionnets.fr\/blog\/index.php?rest_route=\/wp\/v2\/posts"}],"about":[{"href":"https:\/\/louvionnets.fr\/blog\/index.php?rest_route=\/wp\/v2\/types\/post"}],"author":[{"embeddable":true,"href":"https:\/\/louvionnets.fr\/blog\/index.php?rest_route=\/wp\/v2\/users\/1"}],"replies":[{"embeddable":true,"href":"https:\/\/louvionnets.fr\/blog\/index.php?rest_route=%2Fwp%2Fv2%2Fcomments&post=91"}],"version-history":[{"count":0,"href":"https:\/\/louvionnets.fr\/blog\/index.php?rest_route=\/wp\/v2\/posts\/91\/revisions"}],"wp:attachment":[{"href":"https:\/\/louvionnets.fr\/blog\/index.php?rest_route=%2Fwp%2Fv2%2Fmedia&parent=91"}],"wp:term":[{"taxonomy":"category","embeddable":true,"href":"https:\/\/louvionnets.fr\/blog\/index.php?rest_route=%2Fwp%2Fv2%2Fcategories&post=91"},{"taxonomy":"post_tag","embeddable":true,"href":"https:\/\/louvionnets.fr\/blog\/index.php?rest_route=%2Fwp%2Fv2%2Ftags&post=91"}],"curies":[{"name":"wp","href":"https:\/\/api.w.org\/{rel}","templated":true}]}}