{"id":67,"date":"2007-07-22T20:42:18","date_gmt":"2007-07-22T19:42:18","guid":{"rendered":"http:\/\/prccevian.free.fr\/?p=67"},"modified":"2007-07-22T20:42:18","modified_gmt":"2007-07-22T19:42:18","slug":"vendredi-20-juillet","status":"publish","type":"post","link":"https:\/\/louvionnets.fr\/blog\/?p=67","title":{"rendered":"vendredi 20 juillet"},"content":{"rendered":"<ul>\n<li>\n<p style=\"margin-bottom: 0cm\"><em><u><\/u><\/em>Ce \t20 juillet, nous sommes deux\u00a0: Vincent et moi au d\u00e9part \tdu col de Creusaz pour l\u2019entretien de la boucle du Mont B\u00e9nand. \tLe parcours d\u00e9couverte est int\u00e9ressant avec ses \tpanneaux \u00e0 commentaires bilingues sur l\u2019histoire, la \tg\u00e9ologie et les descriptions de la vie traditionnelle. \tD\u2019autre part son d\u00e9nivel\u00e9 tr\u00e8s r\u00e9duit \t(120m) en fait un facile objectif de promenade familiale.<\/p>\n<\/li>\n<li>\n<p style=\"margin-bottom: 0cm\"><em><u><\/u><\/em>D\u00e9part du parking pr\u00e8s du restaurant de l\u2019Alpage, \taltitude 1165m. Absence de pictogramme directionnel sur la premi\u00e8re \tbalise de rappel de parcours alt. 1190, sur la deuxi\u00e8me point \tIGN 1221 pour virage \u00e0 gauche, sur la troisi\u00e8me alt. \t1230m confirmation de parcours.<\/p>\n<\/li>\n<li>\n<p style=\"margin-bottom: 0cm\"><font color=\"#ff0000\"><em><u><\/u><\/em><\/font>Poteau Croix du Mont B\u00e9nand alt. 1245m. Pictogramme \tsuperficiel superflu. <font color=\"#ff0000\">Au niveau de la croix \tqui constitue une halte pour le panorama, <\/font><font color=\"#ff0000\"><em>une \tbalise directionnelle fait d\u00e9faut d\u2019autant plus que le \tsentier situ\u00e9 sur l\u2019alpage est peu marqu\u00e9 \u00e0 \tcet endroit et se confond avec les pi\u00e9tinements. <\/em><\/font><\/p>\n<\/li>\n<li>\n<p style=\"margin-bottom: 0cm\"><em><u><\/u><\/em>Parenth\u00e8se avec descente aux granges du Mont B\u00e9nand \tpuis remont\u00e9e \u00e0 la Croix. Panneau \u00e0 \tcommentaires au sujet des granges.<\/p>\n<\/li>\n<li>\n<p style=\"margin-bottom: 0cm\"><em><u><\/u><\/em>Panneau th\u00e9matique bois des Frasses alt. 1220. Nous entrons \tdans le bois des Frasses apr\u00e8s avoir fait usage du roto fil \tsur une cinquantaine de m\u00e8tres avant.<\/p>\n<\/li>\n<li>\n<p style=\"margin-bottom: 0cm\"><em><u><\/u><\/em>Travers\u00e9e du bois avec le d\u00e9gagement d\u2019un tronc de \tsapin g\u00eanant les passage et la coupe de nombreux arbrisseaux \tet branches envahissants.<\/p>\n<\/li>\n<li>\n<p style=\"margin-bottom: 0cm\"><em><u><\/u><\/em>\u00c0 \tla sortie du bois qui nous offre un panorama remarquable nous \ttournons \u00e0 gauche puis prenons un chemin communal peu \tagr\u00e9able qui descend \u00e0 droite jusqu\u2019au poteau \tindicateur alt. 1128. Un Pictogramme directionnel superflu et un \tpictogramme VTT squatteur. Nous poursuivons le parcours en prenant \tune large piste sur la gauche.<\/p>\n<\/li>\n<li>\n<p style=\"margin-bottom: 0cm\"><em><u><\/u><\/em>Arriv\u00e9e \u00e0 B\u00e9nand alt.1122m avec deux poteaux \tpeu distants. Pictogrammes directionnels superflus et pictogrammes \tVTT squatteurs. Deux Panneaux th\u00e9matiques, l\u2019un sur \tl\u2019\u00e9tymologie de Bernex et l\u2019autre relatif \u00e0 \tl\u2019histoire de l\u2019imposante marmite \u00e0 fromage expos\u00e9e \t(et pour troubler la qui\u00e9tude des lieux, cadenass\u00e9e).<\/p>\n<\/li>\n<li>\n<p style=\"margin-bottom: 0cm\"><em><u><\/u><\/em>Retour au parking. Le temps orageux devenant plus que mena\u00e7ant \tnous redescendons au local.<\/p>\n<\/li>\n<li>\n<p style=\"margin-bottom: 0cm\"><em><u><\/u><\/em>Par \tle fait qu\u2019il ne soit constitu\u00e9 que de pistes relativement \tlarges utilis\u00e9es pour les travaux des champs et forestiers, \tce parcours ne pr\u00e9sente qu\u2019un besoin tr\u00e8s limit\u00e9 \tde d\u00e9sherbage. Nous n\u2019avons transport\u00e9 le roto fil \tque pour une petite partie de d\u00e9sherbage sur le champ \td\u2019alpage situ\u00e9 avant l\u2019entr\u00e9e du bois de Frasses.<\/p>\n<\/li>\n<li>\n<p style=\"margin-bottom: 0cm\"><em><u><\/u><\/em>Travaux de montage au local. L\u2019int\u00e9gralit\u00e9 du \tmontage en atelier des balises du cahier N\u00b01 du littoral L\u00e9man, \tsur  Saint Gingolph (code LL1). Soit 15 balises avec fer pieu et \tcinq avec fer \u00e0 sceller avec le collage des pictogrammes.<\/p>\n<\/li>\n<\/ul>\n","protected":false},"excerpt":{"rendered":"<p>Ce 20 juillet, nous sommes deux\u00a0: Vincent et moi au d\u00e9part du col de Creusaz pour l\u2019entretien de la boucle du Mont B\u00e9nand. Le parcours d\u00e9couverte est int\u00e9ressant avec ses panneaux \u00e0 commentaires bilingues sur l\u2019histoire, la g\u00e9ologie et les descriptions de la vie traditionnelle. D\u2019autre part son d\u00e9nivel\u00e9 tr\u00e8s r\u00e9duit (120m) en fait un <a class=\"continue\" href=\"https:\/\/louvionnets.fr\/blog\/?p=67\">[Continue]<\/a><\/p>\n","protected":false},"author":1,"featured_media":0,"comment_status":"open","ping_status":"open","sticky":false,"template":"","format":"standard","meta":{"footnotes":""},"categories":[2],"tags":[],"class_list":["post-67","post","type-post","status-publish","format-standard","hentry","category-blogroll"],"_links":{"self":[{"href":"https:\/\/louvionnets.fr\/blog\/index.php?rest_route=\/wp\/v2\/posts\/67","targetHints":{"allow":["GET"]}}],"collection":[{"href":"https:\/\/louvionnets.fr\/blog\/index.php?rest_route=\/wp\/v2\/posts"}],"about":[{"href":"https:\/\/louvionnets.fr\/blog\/index.php?rest_route=\/wp\/v2\/types\/post"}],"author":[{"embeddable":true,"href":"https:\/\/louvionnets.fr\/blog\/index.php?rest_route=\/wp\/v2\/users\/1"}],"replies":[{"embeddable":true,"href":"https:\/\/louvionnets.fr\/blog\/index.php?rest_route=%2Fwp%2Fv2%2Fcomments&post=67"}],"version-history":[{"count":0,"href":"https:\/\/louvionnets.fr\/blog\/index.php?rest_route=\/wp\/v2\/posts\/67\/revisions"}],"wp:attachment":[{"href":"https:\/\/louvionnets.fr\/blog\/index.php?rest_route=%2Fwp%2Fv2%2Fmedia&parent=67"}],"wp:term":[{"taxonomy":"category","embeddable":true,"href":"https:\/\/louvionnets.fr\/blog\/index.php?rest_route=%2Fwp%2Fv2%2Fcategories&post=67"},{"taxonomy":"post_tag","embeddable":true,"href":"https:\/\/louvionnets.fr\/blog\/index.php?rest_route=%2Fwp%2Fv2%2Ftags&post=67"}],"curies":[{"name":"wp","href":"https:\/\/api.w.org\/{rel}","templated":true}]}}