{"id":66,"date":"2007-07-21T20:03:29","date_gmt":"2007-07-21T19:03:29","guid":{"rendered":"http:\/\/prccevian.free.fr\/?p=66"},"modified":"2007-07-21T20:03:29","modified_gmt":"2007-07-21T19:03:29","slug":"mercredi-18-juillet","status":"publish","type":"post","link":"https:\/\/louvionnets.fr\/blog\/?p=66","title":{"rendered":"mercredi 18 juillet"},"content":{"rendered":"<ul>\n<li>\n<p style=\"margin-bottom: 0cm\">Ce 18 juillet, nous sommes deux\u00a0: \tVincent et moi au d\u00e9part des Chautets au dessus de \tTrossy-Bernex pour l\u2019entretien de la variante Balcon du L\u00e9man \tpassant par Sur Les Pr\u00e8s en direction du Col de Neuva.<\/p>\n<\/li>\n<li>\n<p style=\"margin-bottom: 0cm\"><em><u><\/u><\/em>Arriv\u00e9 au chalet de Sur les Pr\u00e9s, nous retrouvons le \tsupport m\u00e9tallique du poteau P5 vandalis\u00e9. Nous \trefixons le poteau sur son support. Le sentier vers col de Neuva \tdescend tout de suite \u00e0 droite sur une large piste qui ne \tdevient \u00e9vidente que plus loin. Des marquages sur le mur de \tl\u2019autre chalet en ruine ainsi que sur une pierre au sol confirme \tla bonne direction. Nous d\u00e9sherbons jusqu\u2019\u00e0 ce que \tterre apparaisse pour bien marquer le d\u00e9but du sentier.<\/p>\n<\/li>\n<li>\n<p style=\"margin-bottom: 0cm\"><em><u><\/u><\/em>La \tpiste descend sur une quarantaine de m\u00e8tres de d\u00e9nivel\u00e9 \tpuis rejoint la piste venant de Bernex et allant sur Thollon que \tnous quittons de suite en prenant le sentier allant plein Est. Un \tbon poteau signal\u00e9tique indique la direction.<\/p>\n<\/li>\n<li>\n<p style=\"margin-bottom: 0cm\"><em><u><\/u><\/em>D\u2019ici, nous montons rapidement par un chemin peu confortable, en y \top\u00e9rant quelques d\u00e9sherbages ponctuels, pour arriver \u00e0 \tl\u2019emplacement d\u2019une grange d\u2019alpage en ruine aux Lanches.<\/p>\n<\/li>\n<li>\n<p style=\"margin-bottom: 0cm\"><em><u><\/u><\/em>De \tl\u00e0, changement de direction peu \u00e9vident sur la gauche \tavec le m\u00eame type de sentier qui grimpe rapidement.<\/p>\n<\/li>\n<li>\n<p style=\"margin-bottom: 0cm\"><em><u><\/u><\/em>Nous arrivons aux Pl\u00e9nets de Ch\u00e9ravaux sur un sentier \td\u2019alpage non p\u00e2tur\u00e9 donc fortement enherb\u00e9 que \tnous travaillons \u00e9nergiquement en passant par une zone de \tvorgines \u00e9galement en herbes.<\/p>\n<\/li>\n<li>\n<p style=\"margin-bottom: 0cm\"><em><u><\/u><\/em>Nous parvenons aux chalets de Neuva dessus puis au col de Neuva. Le \tsentier de cette zone d\u2019alpage ne n\u00e9cessite pas de \td\u00e9sherbage car ici les vaches travaillent pour nous tout en \tbroutant. Par contre, pour l\u2019\u00e9tat du sentier, c\u2019est une \tcalamit\u00e9 sans rem\u00e8de possible. Soit celui-ci dispara\u00eet \tsous le travail de sape des sabots, soit les m\u00eames sabots le \tramollissent au point de le transformer en parcours boueux. Il nous \trestera le plaisir du fromage et autres laitages pour ne pas jeter \tnotre ostracisme sur cette cat\u00e9gorie de bestiaux.<\/p>\n<\/li>\n<li>\n<p style=\"margin-bottom: 0cm\"><em><u><\/u><\/em>Nous poursuivons apr\u00e8s le col en prenant le GR5 pour \tredescendre par le sentier qui arrive sur la Bonne Eau, sentier tr\u00e8s \tint\u00e9ressant qui m\u00e9riterait d\u2019\u00eatre inscrit au \tPDIPR<\/p>\n<\/li>\n<\/ul>\n","protected":false},"excerpt":{"rendered":"<p>Ce 18 juillet, nous sommes deux\u00a0: Vincent et moi au d\u00e9part des Chautets au dessus de Trossy-Bernex pour l\u2019entretien de la variante Balcon du L\u00e9man passant par Sur Les Pr\u00e8s en direction du Col de Neuva. Arriv\u00e9 au chalet de Sur les Pr\u00e9s, nous retrouvons le support m\u00e9tallique du poteau P5 vandalis\u00e9. Nous refixons le <a class=\"continue\" href=\"https:\/\/louvionnets.fr\/blog\/?p=66\">[Continue]<\/a><\/p>\n","protected":false},"author":1,"featured_media":0,"comment_status":"open","ping_status":"open","sticky":false,"template":"","format":"standard","meta":{"footnotes":""},"categories":[2],"tags":[],"class_list":["post-66","post","type-post","status-publish","format-standard","hentry","category-blogroll"],"_links":{"self":[{"href":"https:\/\/louvionnets.fr\/blog\/index.php?rest_route=\/wp\/v2\/posts\/66","targetHints":{"allow":["GET"]}}],"collection":[{"href":"https:\/\/louvionnets.fr\/blog\/index.php?rest_route=\/wp\/v2\/posts"}],"about":[{"href":"https:\/\/louvionnets.fr\/blog\/index.php?rest_route=\/wp\/v2\/types\/post"}],"author":[{"embeddable":true,"href":"https:\/\/louvionnets.fr\/blog\/index.php?rest_route=\/wp\/v2\/users\/1"}],"replies":[{"embeddable":true,"href":"https:\/\/louvionnets.fr\/blog\/index.php?rest_route=%2Fwp%2Fv2%2Fcomments&post=66"}],"version-history":[{"count":0,"href":"https:\/\/louvionnets.fr\/blog\/index.php?rest_route=\/wp\/v2\/posts\/66\/revisions"}],"wp:attachment":[{"href":"https:\/\/louvionnets.fr\/blog\/index.php?rest_route=%2Fwp%2Fv2%2Fmedia&parent=66"}],"wp:term":[{"taxonomy":"category","embeddable":true,"href":"https:\/\/louvionnets.fr\/blog\/index.php?rest_route=%2Fwp%2Fv2%2Fcategories&post=66"},{"taxonomy":"post_tag","embeddable":true,"href":"https:\/\/louvionnets.fr\/blog\/index.php?rest_route=%2Fwp%2Fv2%2Ftags&post=66"}],"curies":[{"name":"wp","href":"https:\/\/api.w.org\/{rel}","templated":true}]}}