{"id":65,"date":"2007-07-21T20:00:48","date_gmt":"2007-07-21T19:00:48","guid":{"rendered":"http:\/\/prccevian.free.fr\/?p=65"},"modified":"2007-07-21T20:00:48","modified_gmt":"2007-07-21T19:00:48","slug":"lundi-16-juillet","status":"publish","type":"post","link":"https:\/\/louvionnets.fr\/blog\/?p=65","title":{"rendered":"lundi 16 juillet"},"content":{"rendered":"<ul>\n<li>\n<p style=\"margin-bottom: 0cm\"><em><u><\/u><\/em> Ce \t16 juillet, nous sommes trois : Alexandre, Vincent et moi au \td\u00e9part du col de Creusaz pour l\u2019entretien du tour du Mont \tC\u00e9sar.<\/p>\n<\/li>\n<li>\n<p style=\"margin-bottom: 0cm\"><em><u><\/u><\/em>Les \tpluies des derniers jours ont fortement ravin\u00e9es la piste, \tavec une profonde rigole sur la longueur du chemin pour la partie \tqui pr\u00e9c\u00e8de le d\u00e9part du sentier de l\u2019\u00e9chelle. \tNous avons rencontr\u00e9 deux ouvriers avec un engin de \tterrassement au travail pour rem\u00e9dier au probl\u00e8me. Un \tpeu plus haut, nous creusons une goulotte pour l\u2019\u00e9vacuation \tlat\u00e9rale des eaux de ruissellement.<\/p>\n<\/li>\n<li>\n<p style=\"margin-bottom: 0cm\"><em><u><\/u><\/em>Nous proc\u00e9dons au d\u00e9broussaillage de la portion de \tsentier qui conduit \u00e0 l\u2019\u00e9chelle. A noter que cette \tpartie de sentier  ne correspond pas \u00e0 l\u2019itin\u00e9raire \tinscrit au PDIPR, la pr\u00e9sence de l\u2019\u00e9chelle \tl\u2019excluant du contexte familial requis. L\u2019\u00e9chelle par \telle m\u00eame ne risque pas de s\u2019envoler, mais une r\u00e9fection \tde ses ancrages la rendrait plus rassurante.<\/p>\n<\/li>\n<li>\n<p style=\"margin-bottom: 0cm\"><em><u><\/u><\/em>Bon \t\u00e0 savoir pour \u00e9tancher toute soif, la pr\u00e9sence \td\u2019une fontaine sur le sentier, peu avant d\u2019arriver \u00e0 \tl\u2019alpage de Sur Les Pr\u00e9s.<\/p>\n<\/li>\n<li>\n<p style=\"margin-bottom: 0cm\"><font color=\"#ff0000\"><em><u><\/u><\/em><\/font><font color=\"#ff0000\"><em>Nous constatons l\u2019ambigu\u00eft\u00e9 de la signalisation pr\u00e8s \tde la grange d\u2019alpage de Sur Les Pr\u00e8s, un couple de \trandonneur \u00e9tant all\u00e9 tout droit, hors de tout \titin\u00e9raire. Nous les dirigeons dans la bonne direction. Le \tpoteau P5 qui a \u00e9t\u00e9 vandalis\u00e9 sera \u00e0 \tremplacer et  sceller au plus vite. <\/em><\/font>Au d\u00e9part de \tla grange, un balisage constitu\u00e9 de plusieurs pieux a \u00e9t\u00e9 \tpos\u00e9, sans doute par la commune, rendant le sentier plus \tvisible.<\/p>\n<\/li>\n<li>\n<p style=\"margin-bottom: 0cm\">Arriv\u00e9 sur les Cr\u00eates du Grand Mottay, nous proc\u00e9dons \tau d\u00e9sherbage du sentier jusqu\u2019au fond du vallon de Thollon<em> \t<\/em>ce qui repr\u00e9sente une longueur d\u2019environ 1100m\u00e8tres. \tA noter que la descente \u00e0 partir de la sortie de la cr\u00eate \test fortement enherb\u00e9 jusqu\u2019au bas du vallon (alpage non \tp\u00e2tur\u00e9).<\/p>\n<\/li>\n<li>\n<p style=\"margin-bottom: 0cm\"><em><u><\/u><\/em>\u00c0 \tpartir col de Pertuis, la partie de sentier abrupt donnant sur le \tcol de Creusaz et Thollon a \u00e9t\u00e9 r\u00e9cemment \ttravaill\u00e9 nous ne savons par qui et est en parfait \u00e9tat.<\/p>\n<\/li>\n<li>\n<p style=\"margin-bottom: 0cm\"><font color=\"#ff0000\"><em><u><\/u><\/em><\/font> Depuis notre dernier passage qui date du 21 Mai (CR N\u00b019), \tl\u2019individu qui s\u2019en prenait au balisage n\u2019a pas r\u00e9cidiv\u00e9. \t<font color=\"#ff0000\"><em>Il n\u2019emp\u00eache que ce balisage est \u00e0 \trevoir compl\u00e8tement, entre les poteaux vandalis\u00e9s \u00e0 \tremplacer et les poteaux et balises manquants.  <\/em><\/font><font color=\"#ff0000\"><em><u> \t         <\/u><\/em><\/font><\/p>\n<\/li>\n<\/ul>\n","protected":false},"excerpt":{"rendered":"<p>Ce 16 juillet, nous sommes trois : Alexandre, Vincent et moi au d\u00e9part du col de Creusaz pour l\u2019entretien du tour du Mont C\u00e9sar. Les pluies des derniers jours ont fortement ravin\u00e9es la piste, avec une profonde rigole sur la longueur du chemin pour la partie qui pr\u00e9c\u00e8de le d\u00e9part du sentier de l\u2019\u00e9chelle. Nous <a class=\"continue\" href=\"https:\/\/louvionnets.fr\/blog\/?p=65\">[Continue]<\/a><\/p>\n","protected":false},"author":1,"featured_media":0,"comment_status":"open","ping_status":"open","sticky":false,"template":"","format":"standard","meta":{"footnotes":""},"categories":[2],"tags":[],"class_list":["post-65","post","type-post","status-publish","format-standard","hentry","category-blogroll"],"_links":{"self":[{"href":"https:\/\/louvionnets.fr\/blog\/index.php?rest_route=\/wp\/v2\/posts\/65","targetHints":{"allow":["GET"]}}],"collection":[{"href":"https:\/\/louvionnets.fr\/blog\/index.php?rest_route=\/wp\/v2\/posts"}],"about":[{"href":"https:\/\/louvionnets.fr\/blog\/index.php?rest_route=\/wp\/v2\/types\/post"}],"author":[{"embeddable":true,"href":"https:\/\/louvionnets.fr\/blog\/index.php?rest_route=\/wp\/v2\/users\/1"}],"replies":[{"embeddable":true,"href":"https:\/\/louvionnets.fr\/blog\/index.php?rest_route=%2Fwp%2Fv2%2Fcomments&post=65"}],"version-history":[{"count":0,"href":"https:\/\/louvionnets.fr\/blog\/index.php?rest_route=\/wp\/v2\/posts\/65\/revisions"}],"wp:attachment":[{"href":"https:\/\/louvionnets.fr\/blog\/index.php?rest_route=%2Fwp%2Fv2%2Fmedia&parent=65"}],"wp:term":[{"taxonomy":"category","embeddable":true,"href":"https:\/\/louvionnets.fr\/blog\/index.php?rest_route=%2Fwp%2Fv2%2Fcategories&post=65"},{"taxonomy":"post_tag","embeddable":true,"href":"https:\/\/louvionnets.fr\/blog\/index.php?rest_route=%2Fwp%2Fv2%2Ftags&post=65"}],"curies":[{"name":"wp","href":"https:\/\/api.w.org\/{rel}","templated":true}]}}