{"id":64,"date":"2007-07-21T19:58:19","date_gmt":"2007-07-21T18:58:19","guid":{"rendered":"http:\/\/prccevian.free.fr\/?p=64"},"modified":"2007-07-21T19:58:19","modified_gmt":"2007-07-21T18:58:19","slug":"vendredi-13-juillet","status":"publish","type":"post","link":"https:\/\/louvionnets.fr\/blog\/?p=64","title":{"rendered":"vendredi 13 juillet"},"content":{"rendered":"<ul>\n<li>\n<p style=\"margin-bottom: 0cm\"><em><u><\/u><\/em>Ce \t13 juillet, nous sommes quatre avec Fr\u00e9d\u00e9ric pour \teffectuer un d\u00e9broussaillage du sentier forestier de la \tBoucle de Carriers au d\u00e9part de Meillerie.<\/p>\n<\/li>\n<li>\n<p style=\"margin-bottom: 0cm\"><em><u><\/u><\/em>Nous d\u00e9broussaillons de fa\u00e7on \u00e9nergique le \tsentier jusqu\u2019\u00e0 son point le plus haut, avant d\u2019avoir \tpass\u00e9 le hameau des Reboux.<\/p>\n<\/li>\n<li>\n<p style=\"margin-bottom: 0cm\"><em><u><\/u><\/em>de \tm\u00eame, sciage et \u00e9vacuation de nombreux bois soit en \ttravers du chemin, soit sur le point de le devenir prochainement.<\/p>\n<\/li>\n<li>\n<p style=\"margin-bottom: 0cm\"><em><u><\/u><\/em> Attention de ne pas prendre la piste que \tl\u2019on rejoint sur la gauche au niveau des Plagnes mais plut\u00f4t \tde la couper en prenant le sentier qui monte tout de suite \u00e0 \tdroite (balisage sur un arbre).<\/p>\n<\/li>\n<li>\n<p style=\"margin-bottom: 0cm\"><em><u><\/u><\/em> Nous \tquittons Fr\u00e9d\u00e9ric au Maravant pour redescendre \u00e0 \tcet endroit par le Tronc et la Lausenette en prenant le sentier \tclass\u00e9 littoral qui rejoint Meillerie au Cotelet. A noter que \tce sentier sort de nos comp\u00e9tences puisque non inscrit au \tPDIPR. Par cons\u00e9quent les remarques selon <em><strong>006-07<\/strong><\/em>\u00a0et \t<em><strong>008-11+12+1<\/strong><\/em><strong>3<\/strong> ne nous concernent plus.<\/p>\n<\/li>\n<\/ul>\n<p style=\"margin-bottom: 0cm\">\n","protected":false},"excerpt":{"rendered":"<p>Ce 13 juillet, nous sommes quatre avec Fr\u00e9d\u00e9ric pour effectuer un d\u00e9broussaillage du sentier forestier de la Boucle de Carriers au d\u00e9part de Meillerie. Nous d\u00e9broussaillons de fa\u00e7on \u00e9nergique le sentier jusqu\u2019\u00e0 son point le plus haut, avant d\u2019avoir pass\u00e9 le hameau des Reboux. de m\u00eame, sciage et \u00e9vacuation de nombreux bois soit en travers <a class=\"continue\" href=\"https:\/\/louvionnets.fr\/blog\/?p=64\">[Continue]<\/a><\/p>\n","protected":false},"author":1,"featured_media":0,"comment_status":"open","ping_status":"open","sticky":false,"template":"","format":"standard","meta":{"footnotes":""},"categories":[2],"tags":[],"class_list":["post-64","post","type-post","status-publish","format-standard","hentry","category-blogroll"],"_links":{"self":[{"href":"https:\/\/louvionnets.fr\/blog\/index.php?rest_route=\/wp\/v2\/posts\/64","targetHints":{"allow":["GET"]}}],"collection":[{"href":"https:\/\/louvionnets.fr\/blog\/index.php?rest_route=\/wp\/v2\/posts"}],"about":[{"href":"https:\/\/louvionnets.fr\/blog\/index.php?rest_route=\/wp\/v2\/types\/post"}],"author":[{"embeddable":true,"href":"https:\/\/louvionnets.fr\/blog\/index.php?rest_route=\/wp\/v2\/users\/1"}],"replies":[{"embeddable":true,"href":"https:\/\/louvionnets.fr\/blog\/index.php?rest_route=%2Fwp%2Fv2%2Fcomments&post=64"}],"version-history":[{"count":0,"href":"https:\/\/louvionnets.fr\/blog\/index.php?rest_route=\/wp\/v2\/posts\/64\/revisions"}],"wp:attachment":[{"href":"https:\/\/louvionnets.fr\/blog\/index.php?rest_route=%2Fwp%2Fv2%2Fmedia&parent=64"}],"wp:term":[{"taxonomy":"category","embeddable":true,"href":"https:\/\/louvionnets.fr\/blog\/index.php?rest_route=%2Fwp%2Fv2%2Fcategories&post=64"},{"taxonomy":"post_tag","embeddable":true,"href":"https:\/\/louvionnets.fr\/blog\/index.php?rest_route=%2Fwp%2Fv2%2Ftags&post=64"}],"curies":[{"name":"wp","href":"https:\/\/api.w.org\/{rel}","templated":true}]}}