{"id":6369,"date":"2023-08-07T15:23:49","date_gmt":"2023-08-07T15:23:49","guid":{"rendered":"http:\/\/louvionnets.fr\/blog\/?p=6369"},"modified":"2023-08-07T15:23:50","modified_gmt":"2023-08-07T15:23:50","slug":"lundi-7-aout-2","status":"publish","type":"post","link":"https:\/\/louvionnets.fr\/blog\/?p=6369","title":{"rendered":"Lundi 7 ao\u00fbt"},"content":{"rendered":"\n<p>Entre T\u00eate des Fieux et l\u2019arr\u00eate<\/p>\n\n\n\n<p>&#8211; Rep\u00e9rage pour la journ\u00e9e b\u00e9n\u00e9vole de demain <\/p>\n\n\n\n<p>&#8211; Tron\u00e7onnage de plusieurs arbre et cr\u00e9ation de marche pour la pr\u00e9paration de la journ\u00e9e b\u00e9n\u00e9vole de demain<\/p>\n\n\n\n<p><\/p>\n\n\n\n<p>Entre Chalet de Pr\u00e9 Richard et Pr\u00e9 Richard<\/p>\n\n\n\n<p>&#8211; Remplacement picto VTT N\u00b013<\/p>\n\n\n\n<p><\/p>\n\n\n\n<p>Office du tourisme<\/p>\n\n\n\n<p>&#8211; Remplacement du dernier picto VTT suite aux travaux<\/p>\n\n\n\n<p><\/p>\n\n\n\n<p>Entre La Plage de la Beunaz et Chez Gaillet<\/p>\n\n\n\n<p>&#8211; Mise en place d&rsquo;un picto simple fl\u00e8che sur balise <\/p>\n\n\n\n<p>&#8211; Enl\u00e8vement des piges de maintiens provisoires et des coffrages sur le panneau d&rsquo;accueil VTT<\/p>\n\n\n\n<p><\/p>\n\n\n\n<p>Garage des M\u00e9mises<\/p>\n\n\n\n<p>&#8211; Diagnostique et r\u00e9paration suite \u00e0 un bruit suspect sur le v\u00e9hicule (Un \u00e9l\u00e9ment \u00e9tranger s&rsquo;\u00e9tait gliss\u00e9 dans l&rsquo;arbre de transmission)<\/p>\n\n\n\n<p><\/p>\n\n\n\n<p>Entre Coll\u00e8ge du Pays de Gavot et Chemin de Conche, <\/p>\n\n\n\n<p>&#8211; D\u00e9broussaillage et \u00e9lagage<\/p>\n\n\n\n<p>Entre AC B22 et AC B25 (Bois du Maravant)<\/p>\n\n\n\n<p>&#8211; D\u00e9broussaillage et \u00e9lagage<\/p>\n\n\n\n<p>Cora, Amphion<\/p>\n\n\n\n<p>&#8211; Mise d&rsquo;essence dans jerricanes<\/p>\n","protected":false},"excerpt":{"rendered":"<p>Entre T\u00eate des Fieux et l\u2019arr\u00eate &#8211; Rep\u00e9rage pour la journ\u00e9e b\u00e9n\u00e9vole de demain &#8211; Tron\u00e7onnage de plusieurs arbre et cr\u00e9ation de marche pour la pr\u00e9paration de la journ\u00e9e b\u00e9n\u00e9vole de demain Entre Chalet de Pr\u00e9 Richard et Pr\u00e9 Richard &#8211; Remplacement picto VTT N\u00b013 Office du tourisme &#8211; Remplacement du dernier picto VTT suite <a class=\"continue\" href=\"https:\/\/louvionnets.fr\/blog\/?p=6369\">[Continue]<\/a><\/p>\n","protected":false},"author":1,"featured_media":0,"comment_status":"closed","ping_status":"open","sticky":false,"template":"","format":"standard","meta":{"footnotes":""},"categories":[25],"tags":[],"class_list":["post-6369","post","type-post","status-publish","format-standard","hentry","category-ccpeva"],"_links":{"self":[{"href":"https:\/\/louvionnets.fr\/blog\/index.php?rest_route=\/wp\/v2\/posts\/6369","targetHints":{"allow":["GET"]}}],"collection":[{"href":"https:\/\/louvionnets.fr\/blog\/index.php?rest_route=\/wp\/v2\/posts"}],"about":[{"href":"https:\/\/louvionnets.fr\/blog\/index.php?rest_route=\/wp\/v2\/types\/post"}],"author":[{"embeddable":true,"href":"https:\/\/louvionnets.fr\/blog\/index.php?rest_route=\/wp\/v2\/users\/1"}],"replies":[{"embeddable":true,"href":"https:\/\/louvionnets.fr\/blog\/index.php?rest_route=%2Fwp%2Fv2%2Fcomments&post=6369"}],"version-history":[{"count":1,"href":"https:\/\/louvionnets.fr\/blog\/index.php?rest_route=\/wp\/v2\/posts\/6369\/revisions"}],"predecessor-version":[{"id":6370,"href":"https:\/\/louvionnets.fr\/blog\/index.php?rest_route=\/wp\/v2\/posts\/6369\/revisions\/6370"}],"wp:attachment":[{"href":"https:\/\/louvionnets.fr\/blog\/index.php?rest_route=%2Fwp%2Fv2%2Fmedia&parent=6369"}],"wp:term":[{"taxonomy":"category","embeddable":true,"href":"https:\/\/louvionnets.fr\/blog\/index.php?rest_route=%2Fwp%2Fv2%2Fcategories&post=6369"},{"taxonomy":"post_tag","embeddable":true,"href":"https:\/\/louvionnets.fr\/blog\/index.php?rest_route=%2Fwp%2Fv2%2Ftags&post=6369"}],"curies":[{"name":"wp","href":"https:\/\/api.w.org\/{rel}","templated":true}]}}