{"id":6331,"date":"2023-07-05T14:59:40","date_gmt":"2023-07-05T14:59:40","guid":{"rendered":"http:\/\/louvionnets.fr\/blog\/?p=6331"},"modified":"2023-07-05T14:59:40","modified_gmt":"2023-07-05T14:59:40","slug":"mercredi-5-juillet-2","status":"publish","type":"post","link":"https:\/\/louvionnets.fr\/blog\/?p=6331","title":{"rendered":"Mercredi 5 juillet"},"content":{"rendered":"\n<p><\/p>\n\n\n\n<p>&#8211; V\u00e9rification des sentiers dans le cadre de la Bellicime entre Saint-Paul et Vinzier<\/p>\n\n\n\n<p>&#8211; D\u00e9broussaillage et \u00e9lagage au taille-haie sortie de bois VTT 18 direction Larringes, <\/p>\n\n\n\n<p>&#8211; D\u00e9broussaillage et \u00e9lagage au taille-haie Le Long du Maravant, VTT 18 direction porcherie de Vinzier, <\/p>\n\n\n\n<p>&#8211; D\u00e9broussaillage et \u00e9lagage au taille-haie VTT 8 chemin de Saint-Paul \u00e0 Piolan, <\/p>\n\n\n\n<p>&#8211; D\u00e9broussaillage et \u00e9lagage au taille-haie  Entre Les Coppy et Les Bossons, <\/p>\n\n\n\n<p>&#8211; D\u00e9broussaillage et \u00e9lagage au taille-haie VTT 4 Bois de la Rasse). <\/p>\n\n\n\n<p>&#8211; Tron\u00e7onnage d&rsquo;un arbre entre Thollon et Creusaz <\/p>\n\n\n\n<p>&#8211; Remise en place des troncs pour marquer le sentier sur la partie du VTT N\u00b04 en-dessus du bois de la Rasse<\/p>\n\n\n\n<p><\/p>\n\n\n\n<p>Dubouloz, Vongy<\/p>\n\n\n\n<p>&#8211; Achat d&rsquo;une bombe de colle contact pour les panneaux d\u2019accueils provisoires VTT<\/p>\n\n\n\n<p><\/p>\n\n\n\n<p>Vaudaux, Margencel<\/p>\n\n\n\n<p>&#8211; Commande d&rsquo;un jeu de pignon pour la vis de tension de la tron\u00e7onneuse<\/p>\n\n\n\n<p><\/p>\n\n\n\n<p><\/p>\n","protected":false},"excerpt":{"rendered":"<p>&#8211; V\u00e9rification des sentiers dans le cadre de la Bellicime entre Saint-Paul et Vinzier &#8211; D\u00e9broussaillage et \u00e9lagage au taille-haie sortie de bois VTT 18 direction Larringes, &#8211; D\u00e9broussaillage et \u00e9lagage au taille-haie Le Long du Maravant, VTT 18 direction porcherie de Vinzier, &#8211; D\u00e9broussaillage et \u00e9lagage au taille-haie VTT 8 chemin de Saint-Paul \u00e0 <a class=\"continue\" href=\"https:\/\/louvionnets.fr\/blog\/?p=6331\">[Continue]<\/a><\/p>\n","protected":false},"author":1,"featured_media":0,"comment_status":"closed","ping_status":"open","sticky":false,"template":"","format":"standard","meta":{"footnotes":""},"categories":[25],"tags":[],"class_list":["post-6331","post","type-post","status-publish","format-standard","hentry","category-ccpeva"],"_links":{"self":[{"href":"https:\/\/louvionnets.fr\/blog\/index.php?rest_route=\/wp\/v2\/posts\/6331","targetHints":{"allow":["GET"]}}],"collection":[{"href":"https:\/\/louvionnets.fr\/blog\/index.php?rest_route=\/wp\/v2\/posts"}],"about":[{"href":"https:\/\/louvionnets.fr\/blog\/index.php?rest_route=\/wp\/v2\/types\/post"}],"author":[{"embeddable":true,"href":"https:\/\/louvionnets.fr\/blog\/index.php?rest_route=\/wp\/v2\/users\/1"}],"replies":[{"embeddable":true,"href":"https:\/\/louvionnets.fr\/blog\/index.php?rest_route=%2Fwp%2Fv2%2Fcomments&post=6331"}],"version-history":[{"count":1,"href":"https:\/\/louvionnets.fr\/blog\/index.php?rest_route=\/wp\/v2\/posts\/6331\/revisions"}],"predecessor-version":[{"id":6332,"href":"https:\/\/louvionnets.fr\/blog\/index.php?rest_route=\/wp\/v2\/posts\/6331\/revisions\/6332"}],"wp:attachment":[{"href":"https:\/\/louvionnets.fr\/blog\/index.php?rest_route=%2Fwp%2Fv2%2Fmedia&parent=6331"}],"wp:term":[{"taxonomy":"category","embeddable":true,"href":"https:\/\/louvionnets.fr\/blog\/index.php?rest_route=%2Fwp%2Fv2%2Fcategories&post=6331"},{"taxonomy":"post_tag","embeddable":true,"href":"https:\/\/louvionnets.fr\/blog\/index.php?rest_route=%2Fwp%2Fv2%2Ftags&post=6331"}],"curies":[{"name":"wp","href":"https:\/\/api.w.org\/{rel}","templated":true}]}}