{"id":6318,"date":"2023-06-26T13:30:32","date_gmt":"2023-06-26T13:30:32","guid":{"rendered":"http:\/\/louvionnets.fr\/blog\/?p=6318"},"modified":"2023-06-26T13:30:32","modified_gmt":"2023-06-26T13:30:32","slug":"lundi-26-juin-2","status":"publish","type":"post","link":"https:\/\/louvionnets.fr\/blog\/?p=6318","title":{"rendered":"Lundi 26 juin"},"content":{"rendered":"\n<p>Atelier<\/p>\n\n\n\n<p>&#8211; Impression d&rsquo;autocollant <\/p>\n\n\n\n<p>&#8211; Fabrication de plaques directionnelles provisoires <\/p>\n\n\n\n<p>&#8211; Pr\u00e9paration du mat\u00e9riel<\/p>\n\n\n\n<p><\/p>\n\n\n\n<p>Entre Sur les Pr\u00e9s et Col de Pertuis<\/p>\n\n\n\n<p>&#8211; Remplacement des pictos disparus (vandalis\u00e9) sur balise et sur arbres<\/p>\n\n\n\n<p><\/p>\n\n\n\n<p>Sur la Rasse<\/p>\n\n\n\n<p>&#8211; Mise en place des nouvelles plaques directionnelles sur le poteau (vandalisme, toutes les plaques ayant \u00e9tait arrach\u00e9es pour la deuxi\u00e8mes fois)<\/p>\n\n\n\n<p><\/p>\n\n\n\n<p>Le Hucel<\/p>\n\n\n\n<p>&#8211; Mise en place des pictos manquant sur la balise<\/p>\n\n\n\n<p><\/p>\n\n\n\n<p>Chemin de Piolan au Fayet<\/p>\n\n\n\n<p>&#8211; Mise en place d&rsquo;un nouveau support bois et d&rsquo;un nouveau picto VTT suite \u00e0 l&rsquo;arrachement de l&rsquo;ancien<\/p>\n\n\n\n<p><\/p>\n\n\n\n<p>Entre Lac de la Beunaz et Lac Noir<\/p>\n\n\n\n<p>&#8211; R\u00e9cup\u00e9ration de la balise vandalis\u00e9 et jet\u00e9 dans le talus plus bas <\/p>\n\n\n\n<p>&#8211; Portage de mat\u00e9riel <\/p>\n\n\n\n<p>&#8211; Piochage, scellement et mise en place de la balise \u00e0 son emplacement<\/p>\n\n\n\n<p><\/p>\n\n\n\n<p>Entre La Carri\u00e8re de Tuf et Ch\u00e2teauvieux<\/p>\n\n\n\n<p>&#8211; Tron\u00e7onnage d&rsquo;un arbre<\/p>\n","protected":false},"excerpt":{"rendered":"<p>Atelier &#8211; Impression d&rsquo;autocollant &#8211; Fabrication de plaques directionnelles provisoires &#8211; Pr\u00e9paration du mat\u00e9riel Entre Sur les Pr\u00e9s et Col de Pertuis &#8211; Remplacement des pictos disparus (vandalis\u00e9) sur balise et sur arbres Sur la Rasse &#8211; Mise en place des nouvelles plaques directionnelles sur le poteau (vandalisme, toutes les plaques ayant \u00e9tait arrach\u00e9es pour <a class=\"continue\" href=\"https:\/\/louvionnets.fr\/blog\/?p=6318\">[Continue]<\/a><\/p>\n","protected":false},"author":1,"featured_media":0,"comment_status":"closed","ping_status":"open","sticky":false,"template":"","format":"standard","meta":{"footnotes":""},"categories":[25],"tags":[],"class_list":["post-6318","post","type-post","status-publish","format-standard","hentry","category-ccpeva"],"_links":{"self":[{"href":"https:\/\/louvionnets.fr\/blog\/index.php?rest_route=\/wp\/v2\/posts\/6318","targetHints":{"allow":["GET"]}}],"collection":[{"href":"https:\/\/louvionnets.fr\/blog\/index.php?rest_route=\/wp\/v2\/posts"}],"about":[{"href":"https:\/\/louvionnets.fr\/blog\/index.php?rest_route=\/wp\/v2\/types\/post"}],"author":[{"embeddable":true,"href":"https:\/\/louvionnets.fr\/blog\/index.php?rest_route=\/wp\/v2\/users\/1"}],"replies":[{"embeddable":true,"href":"https:\/\/louvionnets.fr\/blog\/index.php?rest_route=%2Fwp%2Fv2%2Fcomments&post=6318"}],"version-history":[{"count":1,"href":"https:\/\/louvionnets.fr\/blog\/index.php?rest_route=\/wp\/v2\/posts\/6318\/revisions"}],"predecessor-version":[{"id":6319,"href":"https:\/\/louvionnets.fr\/blog\/index.php?rest_route=\/wp\/v2\/posts\/6318\/revisions\/6319"}],"wp:attachment":[{"href":"https:\/\/louvionnets.fr\/blog\/index.php?rest_route=%2Fwp%2Fv2%2Fmedia&parent=6318"}],"wp:term":[{"taxonomy":"category","embeddable":true,"href":"https:\/\/louvionnets.fr\/blog\/index.php?rest_route=%2Fwp%2Fv2%2Fcategories&post=6318"},{"taxonomy":"post_tag","embeddable":true,"href":"https:\/\/louvionnets.fr\/blog\/index.php?rest_route=%2Fwp%2Fv2%2Ftags&post=6318"}],"curies":[{"name":"wp","href":"https:\/\/api.w.org\/{rel}","templated":true}]}}