{"id":6195,"date":"2023-03-08T16:01:39","date_gmt":"2023-03-08T16:01:39","guid":{"rendered":"http:\/\/louvionnets.fr\/blog\/?p=6195"},"modified":"2023-03-08T16:01:39","modified_gmt":"2023-03-08T16:01:39","slug":"mercredi-8-mars","status":"publish","type":"post","link":"https:\/\/louvionnets.fr\/blog\/?p=6195","title":{"rendered":"Mercredi 8 mars"},"content":{"rendered":"\n<p>Atelier<\/p>\n\n\n\n<p>&#8211; Impression d&rsquo;autocollants <\/p>\n\n\n\n<p>&#8211; Pr\u00e9parations de plaque provisoire (dont plaque provisoire avec support poteau urbain)<\/p>\n\n\n\n<p><\/p>\n\n\n\n<p>Garage des M\u00e9mises<\/p>\n\n\n\n<p>&#8211; Diagnostique du v\u00e9hicule + devis<\/p>\n\n\n\n<p><\/p>\n\n\n\n<p>Chez Jacquier<\/p>\n\n\n\n<p>&#8211; Remplacement d&rsquo;une plaque cass\u00e9e sur le poteau par une plaque provisoire<\/p>\n\n\n\n<p><\/p>\n\n\n\n<p>Chez Les Aires<\/p>\n\n\n\n<p>&#8211; Installation d&rsquo;une plaque urbaine provisoire<\/p>\n\n\n\n<p><\/p>\n\n\n\n<p>Entre Col de Pertuis et Creusaz<\/p>\n\n\n\n<p>&#8211; Tron\u00e7onnage d&rsquo;un arbre <\/p>\n\n\n\n<p>&#8211; R\u00e9fection d&rsquo;une plaque cass\u00e9e puis mise en place de ladite plaque provisoirement sur son poteau <\/p>\n\n\n\n<p>&#8211; Nettoyage de plaques<\/p>\n\n\n\n<p><\/p>\n\n\n\n<p>Entre Po\u00ebse et Chez Bouchex, Entre Port des Mouettes et Evian Parking<\/p>\n\n\n\n<p>&#8211; Scellement d&rsquo;une balise ayant \u00e9t\u00e9 couch\u00e9 par un engins agricole <\/p>\n\n\n\n<p>&#8211; Nettoyage du mobilier et remplacement d&rsquo;un picto double fl\u00e8che<\/p>\n\n\n\n<p><\/p>\n\n\n\n<p>Atelier<\/p>\n\n\n\n<p>&#8211; Rangement et nettoyage des locaux<\/p>\n\n\n\n<p><\/p>\n","protected":false},"excerpt":{"rendered":"<p>Atelier &#8211; Impression d&rsquo;autocollants &#8211; Pr\u00e9parations de plaque provisoire (dont plaque provisoire avec support poteau urbain) Garage des M\u00e9mises &#8211; Diagnostique du v\u00e9hicule + devis Chez Jacquier &#8211; Remplacement d&rsquo;une plaque cass\u00e9e sur le poteau par une plaque provisoire Chez Les Aires &#8211; Installation d&rsquo;une plaque urbaine provisoire Entre Col de Pertuis et Creusaz &#8211; <a class=\"continue\" href=\"https:\/\/louvionnets.fr\/blog\/?p=6195\">[Continue]<\/a><\/p>\n","protected":false},"author":1,"featured_media":0,"comment_status":"closed","ping_status":"open","sticky":false,"template":"","format":"standard","meta":{"footnotes":""},"categories":[25],"tags":[],"class_list":["post-6195","post","type-post","status-publish","format-standard","hentry","category-ccpeva"],"_links":{"self":[{"href":"https:\/\/louvionnets.fr\/blog\/index.php?rest_route=\/wp\/v2\/posts\/6195","targetHints":{"allow":["GET"]}}],"collection":[{"href":"https:\/\/louvionnets.fr\/blog\/index.php?rest_route=\/wp\/v2\/posts"}],"about":[{"href":"https:\/\/louvionnets.fr\/blog\/index.php?rest_route=\/wp\/v2\/types\/post"}],"author":[{"embeddable":true,"href":"https:\/\/louvionnets.fr\/blog\/index.php?rest_route=\/wp\/v2\/users\/1"}],"replies":[{"embeddable":true,"href":"https:\/\/louvionnets.fr\/blog\/index.php?rest_route=%2Fwp%2Fv2%2Fcomments&post=6195"}],"version-history":[{"count":1,"href":"https:\/\/louvionnets.fr\/blog\/index.php?rest_route=\/wp\/v2\/posts\/6195\/revisions"}],"predecessor-version":[{"id":6196,"href":"https:\/\/louvionnets.fr\/blog\/index.php?rest_route=\/wp\/v2\/posts\/6195\/revisions\/6196"}],"wp:attachment":[{"href":"https:\/\/louvionnets.fr\/blog\/index.php?rest_route=%2Fwp%2Fv2%2Fmedia&parent=6195"}],"wp:term":[{"taxonomy":"category","embeddable":true,"href":"https:\/\/louvionnets.fr\/blog\/index.php?rest_route=%2Fwp%2Fv2%2Fcategories&post=6195"},{"taxonomy":"post_tag","embeddable":true,"href":"https:\/\/louvionnets.fr\/blog\/index.php?rest_route=%2Fwp%2Fv2%2Ftags&post=6195"}],"curies":[{"name":"wp","href":"https:\/\/api.w.org\/{rel}","templated":true}]}}