{"id":526,"date":"2009-07-31T12:49:59","date_gmt":"2009-07-31T11:49:59","guid":{"rendered":"http:\/\/prccevian.free.fr\/?p=526"},"modified":"2009-07-31T12:49:59","modified_gmt":"2009-07-31T11:49:59","slug":"jeudi-30-juillet","status":"publish","type":"post","link":"https:\/\/louvionnets.fr\/blog\/?p=526","title":{"rendered":"jeudi 30 juillet"},"content":{"rendered":"<p><!-- \t\t@page { margin: 2cm } \t\tP { margin-bottom: 0.21cm } --><\/p>\n<p style=\"margin-bottom: 0cm;\"><span style=\"font-family: Arial,sans-serif;\"><span style=\"font-size: medium;\"><strong>Ce matin, apr\u00e8s \u00eatre venu me chercher chez moi Fr\u00e9d\u00e9ric m\u2019a emmen\u00e9 pour 8h00 \u00e0 Annemasse afin de r\u00e9cup\u00e9rer le 4&#215;4 toyota pickup lou\u00e9 pour deux jours. <\/strong><\/span><\/span><\/p>\n<p style=\"margin-bottom: 0cm;\">\n<p style=\"margin-bottom: 0cm;\"><span style=\"font-family: Arial,sans-serif;\"><span style=\"font-size: medium;\"><strong>Au local\u00a0:<\/strong><\/span><\/span><\/p>\n<ul>\n<li>\n<p style=\"margin-bottom: 0cm;\"><span style=\"font-family: Arial,sans-serif;\"><span style=\"font-size: medium;\">Avec \tle 4&#215;4 r\u00e9cup\u00e9ration de Jean Marc et du mobilier pr\u00e9par\u00e9 par ses \tsoins en attendant mon arriv\u00e9e<\/span><\/span><\/p>\n<\/li>\n<\/ul>\n<p style=\"margin-left: 1.25cm; text-indent: 0.02cm; margin-bottom: 0cm;\">\n<p style=\"margin-bottom: 0cm;\"><span style=\"font-family: Arial,sans-serif;\"><span style=\"font-size: medium;\"><strong>Le tour du Mont C\u00e9sar\u00a0:<\/strong><\/span><\/span><\/p>\n<ul>\n<li>\n<p style=\"margin-bottom: 0cm;\"><span style=\"font-family: Arial,sans-serif;\"><span style=\"font-size: medium;\">Depuis \tThollon, mont\u00e9e en 4&#215;4 par le chemin de la falaise jusqu\u2019au \tplateau de la gare sup\u00e9rieure et poursuite de l\u2019acheminement  \tjusque vers notre chemin o\u00f9 nous retrouvons Fr\u00e9d\u00e9ric qui entre \ttemps \u00e9tait mont\u00e9 \u00e0 pied depuis chez lui pour nous aider jusqu\u2019\u00e0 \t14h00.<\/span><\/span><\/p>\n<\/li>\n<li>\n<p style=\"margin-bottom: 0cm;\"><span style=\"font-family: Arial,sans-serif;\"><span style=\"font-size: medium;\">Pose \tde P6 et rescellement de B4 sur la cr\u00eate des Mottay<\/span><\/span><\/p>\n<\/li>\n<li>\n<p style=\"margin-bottom: 0cm;\"><span style=\"font-family: Arial,sans-serif;\"><span style=\"font-size: medium;\">Pose \tde B5, B6, B7. D\u00e9placement de P7 et changement du poteau bois et \tdes plaques de P8 au col Pertuis<\/span><\/span><\/p>\n<\/li>\n<\/ul>\n<p style=\"margin-left: 0.64cm; margin-bottom: 0cm;\">\n<p style=\"margin-bottom: 0cm;\"><span style=\"font-family: Arial,sans-serif;\"><span style=\"font-size: medium;\"><strong>Les Balcons du L\u00e9man\u00a0:<\/strong><\/span><\/span><\/p>\n<ul>\n<li>\n<p style=\"margin-bottom: 0cm;\"><span style=\"font-family: Arial,sans-serif;\"><span style=\"font-size: medium;\">Rescellement \tdu poteau situ\u00e9 \u00e0 \u2018\u2019La Frasse\u2019\u2019 non loin des chalets des \tM\u00e9mises<\/span><\/span><\/p>\n<\/li>\n<\/ul>\n<p style=\"margin-left: 1.25cm; text-indent: 0.02cm; margin-bottom: 0cm;\">\n<p style=\"margin-bottom: 0cm;\"><span style=\"font-family: Arial,sans-serif;\"><span style=\"font-size: medium;\"><strong>Le tour du Mont C\u00e9sar\u00a0:<\/strong><\/span><\/span><\/p>\n<ul>\n<li>\n<p style=\"margin-bottom: 0cm;\"><span style=\"font-family: Arial,sans-serif;\"><span style=\"font-size: medium;\">Depuis \tBernex mont\u00e9e en 4&#215;4 jusque \u2018\u2019Sur les Pr\u00e9s\u2019\u2019 (Partie de \trigolade pour le performant 4&#215;4\u00a0: voir photo jointe) et l\u00e0 \td\u00e9placement de P5 (Reboulonnage sur son ancienne ferrure) et \tscellement de B3 puis retour au local avec du vieux mobilier \tr\u00e9cup\u00e9r\u00e9<\/span><\/span><\/p>\n<\/li>\n<\/ul>\n<p><img loading=\"lazy\" decoding=\"async\" class=\"alignnone size-full wp-image-527\" title=\"Sur Les Pr\u00e9s\" src=\"http:\/\/prccevian.free.fr\/wp-content\/Sur-Les-Pr\u00e9s.jpg\" alt=\"Sur Les Pr\u00e9s\" width=\"600\" height=\"450\" \/><\/p>\n","protected":false},"excerpt":{"rendered":"<p>Ce matin, apr\u00e8s \u00eatre venu me chercher chez moi Fr\u00e9d\u00e9ric m\u2019a emmen\u00e9 pour 8h00 \u00e0 Annemasse afin de r\u00e9cup\u00e9rer le 4&#215;4 toyota pickup lou\u00e9 pour deux jours. Au local\u00a0: Avec le 4&#215;4 r\u00e9cup\u00e9ration de Jean Marc et du mobilier pr\u00e9par\u00e9 par ses soins en attendant mon arriv\u00e9e Le tour du Mont C\u00e9sar\u00a0: Depuis Thollon, mont\u00e9e <a class=\"continue\" href=\"https:\/\/louvionnets.fr\/blog\/?p=526\">[Continue]<\/a><\/p>\n","protected":false},"author":1,"featured_media":0,"comment_status":"open","ping_status":"open","sticky":false,"template":"","format":"standard","meta":{"footnotes":""},"categories":[2],"tags":[],"class_list":["post-526","post","type-post","status-publish","format-standard","hentry","category-blogroll"],"_links":{"self":[{"href":"https:\/\/louvionnets.fr\/blog\/index.php?rest_route=\/wp\/v2\/posts\/526","targetHints":{"allow":["GET"]}}],"collection":[{"href":"https:\/\/louvionnets.fr\/blog\/index.php?rest_route=\/wp\/v2\/posts"}],"about":[{"href":"https:\/\/louvionnets.fr\/blog\/index.php?rest_route=\/wp\/v2\/types\/post"}],"author":[{"embeddable":true,"href":"https:\/\/louvionnets.fr\/blog\/index.php?rest_route=\/wp\/v2\/users\/1"}],"replies":[{"embeddable":true,"href":"https:\/\/louvionnets.fr\/blog\/index.php?rest_route=%2Fwp%2Fv2%2Fcomments&post=526"}],"version-history":[{"count":0,"href":"https:\/\/louvionnets.fr\/blog\/index.php?rest_route=\/wp\/v2\/posts\/526\/revisions"}],"wp:attachment":[{"href":"https:\/\/louvionnets.fr\/blog\/index.php?rest_route=%2Fwp%2Fv2%2Fmedia&parent=526"}],"wp:term":[{"taxonomy":"category","embeddable":true,"href":"https:\/\/louvionnets.fr\/blog\/index.php?rest_route=%2Fwp%2Fv2%2Fcategories&post=526"},{"taxonomy":"post_tag","embeddable":true,"href":"https:\/\/louvionnets.fr\/blog\/index.php?rest_route=%2Fwp%2Fv2%2Ftags&post=526"}],"curies":[{"name":"wp","href":"https:\/\/api.w.org\/{rel}","templated":true}]}}