{"id":495,"date":"2009-07-21T17:19:22","date_gmt":"2009-07-21T16:19:22","guid":{"rendered":"http:\/\/prccevian.free.fr\/?p=495"},"modified":"2009-07-21T17:19:22","modified_gmt":"2009-07-21T16:19:22","slug":"samedi-4-juillet","status":"publish","type":"post","link":"https:\/\/louvionnets.fr\/blog\/?p=495","title":{"rendered":"samedi 4 juillet"},"content":{"rendered":"<p style=\"margin-left: 0.42cm; margin-bottom: 0cm;\"><span style=\"font-family: Arial,sans-serif;\"><span style=\"font-size: medium;\"><strong>Les balcons du L\u00e9man de \u2018\u2019Sur les Pr\u00e9s aux chalets d\u2019Oche en passant par Rebollion\u2019\u2019\u00a0:<\/strong><\/span><\/span><\/p>\n<ul>\n<li>\n<p style=\"margin-bottom: 0cm;\"><span style=\"font-family: Arial,sans-serif;\"><span style=\"font-size: medium;\"><span style=\"color: #000000;\">D\u00e9part \tdepuis la route des Chautets au dessus de Bernex <\/span><\/span><\/span><\/p>\n<\/li>\n<li>\n<p style=\"margin-bottom: 0cm;\"><span style=\"color: #000000;\"><span style=\"font-family: Arial,sans-serif;\"><span style=\"font-size: medium;\">Inspection \tde ce tron\u00e7on avec \u00e9lagage\u00a0: un rapport complet a \u00e9t\u00e9 \t\u00e9tabli et sera rentr\u00e9 dans l\u2019ordinateur et disponible au local.<\/span><\/span><\/span><\/p>\n<\/li>\n<li>\n<p style=\"margin-bottom: 0cm;\"><span style=\"color: #000000;\"><span style=\"font-family: Arial,sans-serif;\"><span style=\"font-size: medium;\">Outre \tle balisage il faudra y retourner pour d\u00e9broussailler.<\/span><\/span><\/span><\/p>\n<\/li>\n<li>\n<p style=\"margin-bottom: 0cm;\"><span style=\"color: #000000;\"><span style=\"font-family: Arial,sans-serif;\"><span style=\"font-size: medium;\">Le \tchemin qui part du haut de Bernex est carrossable en4x4 jusqu\u2019\u00e0 \tla t\u00e9l\u00e9cabine sup\u00e9rieure de Thollon et peut \u00e9galement nous \temmener \u00e0 400 m du chalet de \u2018\u2019Sur les Pr\u00e9s\u2019\u2019<\/span><\/span><\/span><\/p>\n<\/li>\n<\/ul>\n","protected":false},"excerpt":{"rendered":"<p>Les balcons du L\u00e9man de \u2018\u2019Sur les Pr\u00e9s aux chalets d\u2019Oche en passant par Rebollion\u2019\u2019\u00a0: D\u00e9part depuis la route des Chautets au dessus de Bernex Inspection de ce tron\u00e7on avec \u00e9lagage\u00a0: un rapport complet a \u00e9t\u00e9 \u00e9tabli et sera rentr\u00e9 dans l\u2019ordinateur et disponible au local. Outre le balisage il faudra y retourner pour d\u00e9broussailler. <a class=\"continue\" href=\"https:\/\/louvionnets.fr\/blog\/?p=495\">[Continue]<\/a><\/p>\n","protected":false},"author":1,"featured_media":0,"comment_status":"open","ping_status":"open","sticky":false,"template":"","format":"standard","meta":{"footnotes":""},"categories":[2],"tags":[],"class_list":["post-495","post","type-post","status-publish","format-standard","hentry","category-blogroll"],"_links":{"self":[{"href":"https:\/\/louvionnets.fr\/blog\/index.php?rest_route=\/wp\/v2\/posts\/495","targetHints":{"allow":["GET"]}}],"collection":[{"href":"https:\/\/louvionnets.fr\/blog\/index.php?rest_route=\/wp\/v2\/posts"}],"about":[{"href":"https:\/\/louvionnets.fr\/blog\/index.php?rest_route=\/wp\/v2\/types\/post"}],"author":[{"embeddable":true,"href":"https:\/\/louvionnets.fr\/blog\/index.php?rest_route=\/wp\/v2\/users\/1"}],"replies":[{"embeddable":true,"href":"https:\/\/louvionnets.fr\/blog\/index.php?rest_route=%2Fwp%2Fv2%2Fcomments&post=495"}],"version-history":[{"count":0,"href":"https:\/\/louvionnets.fr\/blog\/index.php?rest_route=\/wp\/v2\/posts\/495\/revisions"}],"wp:attachment":[{"href":"https:\/\/louvionnets.fr\/blog\/index.php?rest_route=%2Fwp%2Fv2%2Fmedia&parent=495"}],"wp:term":[{"taxonomy":"category","embeddable":true,"href":"https:\/\/louvionnets.fr\/blog\/index.php?rest_route=%2Fwp%2Fv2%2Fcategories&post=495"},{"taxonomy":"post_tag","embeddable":true,"href":"https:\/\/louvionnets.fr\/blog\/index.php?rest_route=%2Fwp%2Fv2%2Ftags&post=495"}],"curies":[{"name":"wp","href":"https:\/\/api.w.org\/{rel}","templated":true}]}}