{"id":492,"date":"2009-07-21T17:16:47","date_gmt":"2009-07-21T16:16:47","guid":{"rendered":"http:\/\/prccevian.free.fr\/?p=492"},"modified":"2009-07-21T17:16:47","modified_gmt":"2009-07-21T16:16:47","slug":"vendredi-3-juillet","status":"publish","type":"post","link":"https:\/\/louvionnets.fr\/blog\/?p=492","title":{"rendered":"vendredi 3 juillet"},"content":{"rendered":"<p style=\"margin-left: 0.42cm; margin-bottom: 0cm;\"><span style=\"font-family: Arial,sans-serif;\"><span style=\"font-size: medium;\"><strong>Courses chez Baud Evian\u00a0:<\/strong><\/span><\/span><\/p>\n<ul>\n<li>\n<p style=\"margin-bottom: 0cm;\"><span style=\"color: #000000;\"><span style=\"font-family: Arial,sans-serif;\"><span style=\"font-size: medium;\">Achat \tde c\u00e2bles, serre c\u00e2ble, clous torsad\u00e9s et fers \u00e0 b\u00e9ton en 50cm \ten pr\u00e9vision du travail dans le Balleyron au dessus de Meillerie.<\/span><\/span><\/span><\/p>\n<\/li>\n<li>\n<p style=\"margin-bottom: 0cm;\"><span style=\"font-family: Arial,sans-serif;\"><span style=\"font-size: medium;\"><span style=\"color: #000000;\">D\u00e9p\u00f4t \tde notre tron\u00e7onneuse chez Bally Evian afin qu\u2019il nous fasse un \taff\u00fbtage machine de la cha\u00eene car celle ci \u00e9tait vraiment trop \tendommag\u00e9e.<\/span><\/span><\/span><\/p>\n<\/li>\n<\/ul>\n<p style=\"margin-bottom: 0cm;\">\n<p style=\"margin-left: 0.42cm; margin-bottom: 0cm;\"><span style=\"color: #000000;\"><span style=\"font-family: Arial,sans-serif;\"><span style=\"font-size: medium;\"><strong>La Boucle des Vignes\u00a0:<\/strong><\/span><\/span><\/span><\/p>\n<ul>\n<li>\n<p style=\"margin-bottom: 0cm;\"><span style=\"color: #000000;\"><span style=\"font-family: Arial,sans-serif;\"><span style=\"font-size: medium;\">Rescellement \tde 3 pi\u00e8ces de mobilier d\u00e9scell\u00e9es aux abords des vignes et \tresserrage des boulons des ferrures sur plusieurs autres pi\u00e8ces de \tmobilier\u00a0: en effet, le bois ayant beaucoup s\u00e9ch\u00e9, celui ci \tbougeait dans sa ferrure.<\/span><\/span><\/span><\/p>\n<\/li>\n<li>\n<p style=\"margin-bottom: 0cm;\"><span style=\"color: #000000;\"><span style=\"font-family: Arial,sans-serif;\"><span style=\"font-size: medium;\">Sur \tplusieurs pi\u00e8ces de mobilier retrait d\u2019un tout nouveau balisage \tfl\u00e8ches en plastic de plusieurs couleurs.<\/span><\/span><\/span><\/p>\n<\/li>\n<\/ul>\n<p style=\"margin-bottom: 0cm;\">\n<p style=\"text-indent: 0.42cm; margin-bottom: 0cm;\"><span style=\"color: #000000;\"><span style=\"font-family: Arial,sans-serif;\"><span style=\"font-size: medium;\"><strong>Le Littoral du L\u00e9man\u00a0:<\/strong><\/span><\/span><\/span><\/p>\n<ul>\n<li>\n<p style=\"margin-bottom: 0cm;\"><span style=\"color: #000000;\"><span style=\"font-family: Arial,sans-serif;\"><span style=\"font-size: medium;\">A \tVal\u00e8re au dessus de Neuvecelle\u00a0: pose de la plaque \u2018\u2019Val\u00e8re\u2019\u2019 \tmanquante  re\u00e7ue r\u00e9cemment.<\/span><\/span><\/span><\/p>\n<\/li>\n<li>\n<p style=\"margin-bottom: 0cm;\"><span style=\"color: #000000;\"><span style=\"font-family: Arial,sans-serif;\"><span style=\"font-size: medium;\">A \tEvian\u00a0: selon consignes rescellement de la balise situ\u00e9e pr\u00e8s \tdu Royale. (celle ci \u00e9tait pos\u00e9e \u00e0 cheval sur une plaque d\u2019\u00e9gout) \t\u2013 Retrait des graffitis sur la balise situ\u00e9e plus bas \u2013 Pose \td\u2019un picto CG sur le poteau situ\u00e9 pr\u00e8s du funiculaire \u2013 \tCollage de 2 pictos GRP et 2 pictos fl\u00e8che simple sur le poteau \tb\u00e9ton supportant le portail d\u2019entr\u00e9e du parc o\u00f9 passe d\u00e9sormais \tnotre chemin et plus haut \u00e0 la sortie de ce parc d\u00e9placement de la \tbalise situ\u00e9 au carrefour pour la sceller \u00e0 la sortie de ce m\u00eame \tparc.<\/span><\/span><\/span><\/p>\n<\/li>\n<\/ul>\n","protected":false},"excerpt":{"rendered":"<p>Courses chez Baud Evian\u00a0: Achat de c\u00e2bles, serre c\u00e2ble, clous torsad\u00e9s et fers \u00e0 b\u00e9ton en 50cm en pr\u00e9vision du travail dans le Balleyron au dessus de Meillerie. D\u00e9p\u00f4t de notre tron\u00e7onneuse chez Bally Evian afin qu\u2019il nous fasse un aff\u00fbtage machine de la cha\u00eene car celle ci \u00e9tait vraiment trop endommag\u00e9e. La Boucle des <a class=\"continue\" href=\"https:\/\/louvionnets.fr\/blog\/?p=492\">[Continue]<\/a><\/p>\n","protected":false},"author":1,"featured_media":0,"comment_status":"open","ping_status":"open","sticky":false,"template":"","format":"standard","meta":{"footnotes":""},"categories":[2],"tags":[],"class_list":["post-492","post","type-post","status-publish","format-standard","hentry","category-blogroll"],"_links":{"self":[{"href":"https:\/\/louvionnets.fr\/blog\/index.php?rest_route=\/wp\/v2\/posts\/492","targetHints":{"allow":["GET"]}}],"collection":[{"href":"https:\/\/louvionnets.fr\/blog\/index.php?rest_route=\/wp\/v2\/posts"}],"about":[{"href":"https:\/\/louvionnets.fr\/blog\/index.php?rest_route=\/wp\/v2\/types\/post"}],"author":[{"embeddable":true,"href":"https:\/\/louvionnets.fr\/blog\/index.php?rest_route=\/wp\/v2\/users\/1"}],"replies":[{"embeddable":true,"href":"https:\/\/louvionnets.fr\/blog\/index.php?rest_route=%2Fwp%2Fv2%2Fcomments&post=492"}],"version-history":[{"count":0,"href":"https:\/\/louvionnets.fr\/blog\/index.php?rest_route=\/wp\/v2\/posts\/492\/revisions"}],"wp:attachment":[{"href":"https:\/\/louvionnets.fr\/blog\/index.php?rest_route=%2Fwp%2Fv2%2Fmedia&parent=492"}],"wp:term":[{"taxonomy":"category","embeddable":true,"href":"https:\/\/louvionnets.fr\/blog\/index.php?rest_route=%2Fwp%2Fv2%2Fcategories&post=492"},{"taxonomy":"post_tag","embeddable":true,"href":"https:\/\/louvionnets.fr\/blog\/index.php?rest_route=%2Fwp%2Fv2%2Ftags&post=492"}],"curies":[{"name":"wp","href":"https:\/\/api.w.org\/{rel}","templated":true}]}}