{"id":478,"date":"2009-06-19T18:20:32","date_gmt":"2009-06-19T17:20:32","guid":{"rendered":"http:\/\/prccevian.free.fr\/?p=478"},"modified":"2009-06-19T18:20:32","modified_gmt":"2009-06-19T17:20:32","slug":"vendredi-19-juin","status":"publish","type":"post","link":"https:\/\/louvionnets.fr\/blog\/?p=478","title":{"rendered":"vendredi 19 juin"},"content":{"rendered":"<p><!-- \t\t@page { margin: 2cm } \t\tP { margin-bottom: 0.21cm } --><\/p>\n<p style=\"margin-left: 0.42cm; margin-bottom: 0cm;\"><span style=\"font-family: Arial,sans-serif;\"><span style=\"font-size: medium;\"><strong>Le tour du Mont B\u00e9nand (partie sud) :<\/strong><\/span><\/span><\/p>\n<p style=\"margin-left: 0.42cm; margin-bottom: 0cm;\">\n<ul>\n<li>\n<p style=\"margin-bottom: 0cm;\"><span style=\"font-family: Arial,sans-serif;\"><span style=\"font-size: medium;\">Parcours \tcomplet de la boucle avec puissant \u00e9lagage, d\u00e9broussaillage et \tcollage d\u2019un picto.<\/span><\/span><\/p>\n<\/li>\n<\/ul>\n<p style=\"margin-left: 1.25cm; text-indent: 0.02cm; margin-bottom: 0cm;\">\n<p style=\"margin-left: 0.42cm; margin-bottom: 0cm;\"><span style=\"font-family: Arial,sans-serif;\"><span style=\"font-size: medium;\"><strong>Le tour du Mont C\u00e9sar (partie Nord)\u00a0:<\/strong><\/span><\/span><\/p>\n<p style=\"margin-left: 0.42cm; margin-bottom: 0cm;\"><span style=\"font-family: Arial,sans-serif;\"><span style=\"font-size: medium;\">&#8211;   Jean Marc est parti du col de Creusaz pour descendre sur Thollon\u00a0 en collant les pictos manquants (que nous n\u2019avions pas la derni\u00e8re fois) sur le mobilier en place. Je l\u2019ai r\u00e9cup\u00e9r\u00e9 en voiture \u2018\u2019Chez les Vesins\u2019\u2019 \u00e0 Thollon.<\/span><\/span><\/p>\n","protected":false},"excerpt":{"rendered":"<p>Le tour du Mont B\u00e9nand (partie sud) : Parcours complet de la boucle avec puissant \u00e9lagage, d\u00e9broussaillage et collage d\u2019un picto. Le tour du Mont C\u00e9sar (partie Nord)\u00a0: &#8211; Jean Marc est parti du col de Creusaz pour descendre sur Thollon\u00a0 en collant les pictos manquants (que nous n\u2019avions pas la derni\u00e8re fois) sur le <a class=\"continue\" href=\"https:\/\/louvionnets.fr\/blog\/?p=478\">[Continue]<\/a><\/p>\n","protected":false},"author":1,"featured_media":0,"comment_status":"open","ping_status":"open","sticky":false,"template":"","format":"standard","meta":{"footnotes":""},"categories":[2],"tags":[],"class_list":["post-478","post","type-post","status-publish","format-standard","hentry","category-blogroll"],"_links":{"self":[{"href":"https:\/\/louvionnets.fr\/blog\/index.php?rest_route=\/wp\/v2\/posts\/478","targetHints":{"allow":["GET"]}}],"collection":[{"href":"https:\/\/louvionnets.fr\/blog\/index.php?rest_route=\/wp\/v2\/posts"}],"about":[{"href":"https:\/\/louvionnets.fr\/blog\/index.php?rest_route=\/wp\/v2\/types\/post"}],"author":[{"embeddable":true,"href":"https:\/\/louvionnets.fr\/blog\/index.php?rest_route=\/wp\/v2\/users\/1"}],"replies":[{"embeddable":true,"href":"https:\/\/louvionnets.fr\/blog\/index.php?rest_route=%2Fwp%2Fv2%2Fcomments&post=478"}],"version-history":[{"count":0,"href":"https:\/\/louvionnets.fr\/blog\/index.php?rest_route=\/wp\/v2\/posts\/478\/revisions"}],"wp:attachment":[{"href":"https:\/\/louvionnets.fr\/blog\/index.php?rest_route=%2Fwp%2Fv2%2Fmedia&parent=478"}],"wp:term":[{"taxonomy":"category","embeddable":true,"href":"https:\/\/louvionnets.fr\/blog\/index.php?rest_route=%2Fwp%2Fv2%2Fcategories&post=478"},{"taxonomy":"post_tag","embeddable":true,"href":"https:\/\/louvionnets.fr\/blog\/index.php?rest_route=%2Fwp%2Fv2%2Ftags&post=478"}],"curies":[{"name":"wp","href":"https:\/\/api.w.org\/{rel}","templated":true}]}}