{"id":4770,"date":"2019-09-30T15:23:50","date_gmt":"2019-09-30T15:23:50","guid":{"rendered":"http:\/\/louvionnets.fr\/blog\/?p=4770"},"modified":"2019-09-30T15:23:51","modified_gmt":"2019-09-30T15:23:51","slug":"lundi-30-septembre-2","status":"publish","type":"post","link":"https:\/\/louvionnets.fr\/blog\/?p=4770","title":{"rendered":"Lundi 30 septembre"},"content":{"rendered":"\n<p> Entre Col de Pertuis et Cr\u00eate du Grand Mottay <\/p>\n\n\n\n<ul class=\"wp-block-list\"><li> R\u00e9alisation d&rsquo;un socle <\/li><\/ul>\n\n\n\n<p> En bas du sentier de Nordevaux <\/p>\n\n\n\n<ul class=\"wp-block-list\"><li> Mise en place de la balise et de ses pictos <\/li><\/ul>\n\n\n\n<p> Entre Chez Bochet et Po\u00ebse <\/p>\n\n\n\n<ul class=\"wp-block-list\"><li> Mise en place de deux balises et leurs pictos <\/li><\/ul>\n\n\n\n<p> Entre Bois Ram\u00e9 et Chez Rebet <\/p>\n\n\n\n<ul class=\"wp-block-list\"><li> Listage du mat\u00e9riel pour la r\u00e9fection de la passerelle<\/li><\/ul>\n\n\n\n<p> Entre Chapelle de Champeillant et Chez Portay <\/p>\n\n\n\n<ul class=\"wp-block-list\"><li> R\u00e9alisation d&rsquo;un socle <\/li><\/ul>\n\n\n\n<p>Boucles de Publier<\/p>\n\n\n\n<ul class=\"wp-block-list\"><li> V\u00e9rification sur place des travaux qui vont \u00eatre r\u00e9alis\u00e9 et l&rsquo;organisation  \u00e0 mettre en place pour le balisage temporaire <\/li><\/ul>\n\n\n\n<p> Atelier <\/p>\n\n\n\n<ul class=\"wp-block-list\"><li> D\u00e9coupe de lames de terrasse pour les passerelles qui vont \u00eatre r\u00e9alis\u00e9es lors de la journ\u00e9e b\u00e9n\u00e9vole de mardi <\/li><li>Pr\u00e9paration de la structure pour la passerelle de Neuvecelle <\/li><li>Pr\u00e9paration et chargement du mat\u00e9riel n\u00e9cessaire \u00e0 la journ\u00e9e b\u00e9n\u00e9vole <\/li><li>Nettoyage  <\/li><\/ul>\n","protected":false},"excerpt":{"rendered":"<p>Entre Col de Pertuis et Cr\u00eate du Grand Mottay R\u00e9alisation d&rsquo;un socle En bas du sentier de Nordevaux Mise en place de la balise et de ses pictos Entre Chez Bochet et Po\u00ebse Mise en place de deux balises et leurs pictos Entre Bois Ram\u00e9 et Chez Rebet Listage du mat\u00e9riel pour la r\u00e9fection de <a class=\"continue\" href=\"https:\/\/louvionnets.fr\/blog\/?p=4770\">[Continue]<\/a><\/p>\n","protected":false},"author":1,"featured_media":0,"comment_status":"closed","ping_status":"open","sticky":false,"template":"","format":"standard","meta":{"footnotes":""},"categories":[25],"tags":[],"class_list":["post-4770","post","type-post","status-publish","format-standard","hentry","category-ccpeva"],"_links":{"self":[{"href":"https:\/\/louvionnets.fr\/blog\/index.php?rest_route=\/wp\/v2\/posts\/4770","targetHints":{"allow":["GET"]}}],"collection":[{"href":"https:\/\/louvionnets.fr\/blog\/index.php?rest_route=\/wp\/v2\/posts"}],"about":[{"href":"https:\/\/louvionnets.fr\/blog\/index.php?rest_route=\/wp\/v2\/types\/post"}],"author":[{"embeddable":true,"href":"https:\/\/louvionnets.fr\/blog\/index.php?rest_route=\/wp\/v2\/users\/1"}],"replies":[{"embeddable":true,"href":"https:\/\/louvionnets.fr\/blog\/index.php?rest_route=%2Fwp%2Fv2%2Fcomments&post=4770"}],"version-history":[{"count":1,"href":"https:\/\/louvionnets.fr\/blog\/index.php?rest_route=\/wp\/v2\/posts\/4770\/revisions"}],"predecessor-version":[{"id":4771,"href":"https:\/\/louvionnets.fr\/blog\/index.php?rest_route=\/wp\/v2\/posts\/4770\/revisions\/4771"}],"wp:attachment":[{"href":"https:\/\/louvionnets.fr\/blog\/index.php?rest_route=%2Fwp%2Fv2%2Fmedia&parent=4770"}],"wp:term":[{"taxonomy":"category","embeddable":true,"href":"https:\/\/louvionnets.fr\/blog\/index.php?rest_route=%2Fwp%2Fv2%2Fcategories&post=4770"},{"taxonomy":"post_tag","embeddable":true,"href":"https:\/\/louvionnets.fr\/blog\/index.php?rest_route=%2Fwp%2Fv2%2Ftags&post=4770"}],"curies":[{"name":"wp","href":"https:\/\/api.w.org\/{rel}","templated":true}]}}