{"id":473,"date":"2009-06-13T17:19:43","date_gmt":"2009-06-13T16:19:43","guid":{"rendered":"http:\/\/prccevian.free.fr\/?p=473"},"modified":"2009-06-13T17:19:43","modified_gmt":"2009-06-13T16:19:43","slug":"samedi-13-juin","status":"publish","type":"post","link":"https:\/\/louvionnets.fr\/blog\/?p=473","title":{"rendered":"samedi 13 juin"},"content":{"rendered":"<p style=\"margin-left: 0.42cm; margin-bottom: 0cm;\"><span style=\"font-family: Arial,sans-serif;\"><span style=\"font-size: medium;\"><strong>Le tours du Mont C\u00e9sar \u00e0 Bernex\u00a0:<\/strong><\/span><\/span><\/p>\n<p style=\"margin-left: 0.42cm; margin-bottom: 0cm;\">\n<ul>\n<li>\n<p style=\"margin-bottom: 0cm;\"><span style=\"font-family: Arial,sans-serif;\"><span style=\"font-size: medium;\">D\u00e9part \tde \u2018\u2019Chez Les Vesins\u2019\u2019 \u00e0 Thollon  et parcours de la partie \tNord de la boucle avec \u00e9tat des lieux complet du mobilier. Gros \ttravail d\u2019\u00e9lagage et de d\u00e9broussaillage. Apr\u00e8s notre passage \tl\u2019\u00e9tat du chemin est tr\u00e8s satisfaisant. Nous avons rentr\u00e9 \tl\u2019\u00e9tat des lieux complet dans l\u2019ordinateur ACER<\/span><\/span><\/p>\n<\/li>\n<\/ul>\n<p style=\"margin-left: 1.25cm; text-indent: 0.02cm; margin-bottom: 0cm;\">\n<p style=\"margin-left: 0.42cm; margin-bottom: 0cm;\"><span style=\"font-family: Arial,sans-serif;\"><span style=\"font-size: medium;\"><strong>La boucle des carriers \u00e0 Troubois <\/strong>:<\/span><\/span><\/p>\n<p style=\"margin-left: 0.42cm; margin-bottom: 0cm;\">\n<p style=\"margin-left: 1cm; margin-bottom: 0cm;\"><span style=\"font-family: Arial,sans-serif;\"><span style=\"font-size: medium;\">&#8211;   Refixation au moyens de rivets de la plaque P10 fix\u00e9e r\u00e9cemment.<\/span><\/span><\/p>\n","protected":false},"excerpt":{"rendered":"<p>Le tours du Mont C\u00e9sar \u00e0 Bernex\u00a0: D\u00e9part de \u2018\u2019Chez Les Vesins\u2019\u2019 \u00e0 Thollon et parcours de la partie Nord de la boucle avec \u00e9tat des lieux complet du mobilier. Gros travail d\u2019\u00e9lagage et de d\u00e9broussaillage. Apr\u00e8s notre passage l\u2019\u00e9tat du chemin est tr\u00e8s satisfaisant. Nous avons rentr\u00e9 l\u2019\u00e9tat des lieux complet dans l\u2019ordinateur ACER <a class=\"continue\" href=\"https:\/\/louvionnets.fr\/blog\/?p=473\">[Continue]<\/a><\/p>\n","protected":false},"author":1,"featured_media":0,"comment_status":"open","ping_status":"open","sticky":false,"template":"","format":"standard","meta":{"footnotes":""},"categories":[2],"tags":[],"class_list":["post-473","post","type-post","status-publish","format-standard","hentry","category-blogroll"],"_links":{"self":[{"href":"https:\/\/louvionnets.fr\/blog\/index.php?rest_route=\/wp\/v2\/posts\/473","targetHints":{"allow":["GET"]}}],"collection":[{"href":"https:\/\/louvionnets.fr\/blog\/index.php?rest_route=\/wp\/v2\/posts"}],"about":[{"href":"https:\/\/louvionnets.fr\/blog\/index.php?rest_route=\/wp\/v2\/types\/post"}],"author":[{"embeddable":true,"href":"https:\/\/louvionnets.fr\/blog\/index.php?rest_route=\/wp\/v2\/users\/1"}],"replies":[{"embeddable":true,"href":"https:\/\/louvionnets.fr\/blog\/index.php?rest_route=%2Fwp%2Fv2%2Fcomments&post=473"}],"version-history":[{"count":0,"href":"https:\/\/louvionnets.fr\/blog\/index.php?rest_route=\/wp\/v2\/posts\/473\/revisions"}],"wp:attachment":[{"href":"https:\/\/louvionnets.fr\/blog\/index.php?rest_route=%2Fwp%2Fv2%2Fmedia&parent=473"}],"wp:term":[{"taxonomy":"category","embeddable":true,"href":"https:\/\/louvionnets.fr\/blog\/index.php?rest_route=%2Fwp%2Fv2%2Fcategories&post=473"},{"taxonomy":"post_tag","embeddable":true,"href":"https:\/\/louvionnets.fr\/blog\/index.php?rest_route=%2Fwp%2Fv2%2Ftags&post=473"}],"curies":[{"name":"wp","href":"https:\/\/api.w.org\/{rel}","templated":true}]}}