{"id":4723,"date":"2019-08-27T18:33:45","date_gmt":"2019-08-27T18:33:45","guid":{"rendered":"http:\/\/louvionnets.fr\/blog\/?p=4723"},"modified":"2019-08-27T18:33:46","modified_gmt":"2019-08-27T18:33:46","slug":"vendredi-23-aout","status":"publish","type":"post","link":"https:\/\/louvionnets.fr\/blog\/?p=4723","title":{"rendered":"Vendredi 23 aout"},"content":{"rendered":"\n<p> VTT N\u00b02 <\/p>\n\n\n\n<ul class=\"wp-block-list\"><li> Mise en place des autocollants sp\u00e9ciaux \u00ab\u00a0d\u00e9part sentier\u00a0\u00bb <\/li><\/ul>\n\n\n\n<p> VTT N\u00b012 <\/p>\n\n\n\n<ul class=\"wp-block-list\"><li> V\u00e9rification du parcours <\/li><li>Changement et pose d\u2019une grande quantit\u00e9s de pictos, supports urbain, sur balises, autocollants, etc.  <\/li><li>Coupe de branche sur plusieurs secteurs du sentier <\/li><li>\u00c9lagage au taille-haie sur plusieurs secteurs <\/li><li>Balisage du parcours termin\u00e9 <\/li><\/ul>\n\n\n\n<p> VTT N\u00b019 <\/p>\n\n\n\n<ul class=\"wp-block-list\"><li> V\u00e9rification du parcours<\/li><li> Changement et pose d\u2019une grande quantit\u00e9s de pictos, supports urbain, sur balises, autocollants, etc.  <\/li><li>Coupe de branche sur plusieurs secteurs du sentier <\/li><li>\u00c9lagage au taille-haie sur plusieurs secteurs <\/li><li>Balisage du parcours termin\u00e9 <\/li><\/ul>\n\n\n\n<p> VTT N\u00b018<\/p>\n\n\n\n<ul class=\"wp-block-list\"><li> V\u00e9rification du parcours <\/li><li>Changement et pose de quelques pictos <\/li><li>Coupe de branche sur plusieurs secteurs du sentier <\/li><li>\u00c9lagage au taille-haie sur un secteur <\/li><li>Balisage du parcours termin\u00e9 (Tous les parcours VTT ont \u00e9t\u00e9 int\u00e9gralement v\u00e9rifi\u00e9s, balis\u00e9s) <\/li><\/ul>\n\n\n\n<p> <\/p>\n","protected":false},"excerpt":{"rendered":"<p>VTT N\u00b02 Mise en place des autocollants sp\u00e9ciaux \u00ab\u00a0d\u00e9part sentier\u00a0\u00bb VTT N\u00b012 V\u00e9rification du parcours Changement et pose d\u2019une grande quantit\u00e9s de pictos, supports urbain, sur balises, autocollants, etc. Coupe de branche sur plusieurs secteurs du sentier \u00c9lagage au taille-haie sur plusieurs secteurs Balisage du parcours termin\u00e9 VTT N\u00b019 V\u00e9rification du parcours Changement et pose <a class=\"continue\" href=\"https:\/\/louvionnets.fr\/blog\/?p=4723\">[Continue]<\/a><\/p>\n","protected":false},"author":1,"featured_media":0,"comment_status":"closed","ping_status":"open","sticky":false,"template":"","format":"standard","meta":{"footnotes":""},"categories":[25],"tags":[],"class_list":["post-4723","post","type-post","status-publish","format-standard","hentry","category-ccpeva"],"_links":{"self":[{"href":"https:\/\/louvionnets.fr\/blog\/index.php?rest_route=\/wp\/v2\/posts\/4723","targetHints":{"allow":["GET"]}}],"collection":[{"href":"https:\/\/louvionnets.fr\/blog\/index.php?rest_route=\/wp\/v2\/posts"}],"about":[{"href":"https:\/\/louvionnets.fr\/blog\/index.php?rest_route=\/wp\/v2\/types\/post"}],"author":[{"embeddable":true,"href":"https:\/\/louvionnets.fr\/blog\/index.php?rest_route=\/wp\/v2\/users\/1"}],"replies":[{"embeddable":true,"href":"https:\/\/louvionnets.fr\/blog\/index.php?rest_route=%2Fwp%2Fv2%2Fcomments&post=4723"}],"version-history":[{"count":1,"href":"https:\/\/louvionnets.fr\/blog\/index.php?rest_route=\/wp\/v2\/posts\/4723\/revisions"}],"predecessor-version":[{"id":4724,"href":"https:\/\/louvionnets.fr\/blog\/index.php?rest_route=\/wp\/v2\/posts\/4723\/revisions\/4724"}],"wp:attachment":[{"href":"https:\/\/louvionnets.fr\/blog\/index.php?rest_route=%2Fwp%2Fv2%2Fmedia&parent=4723"}],"wp:term":[{"taxonomy":"category","embeddable":true,"href":"https:\/\/louvionnets.fr\/blog\/index.php?rest_route=%2Fwp%2Fv2%2Fcategories&post=4723"},{"taxonomy":"post_tag","embeddable":true,"href":"https:\/\/louvionnets.fr\/blog\/index.php?rest_route=%2Fwp%2Fv2%2Ftags&post=4723"}],"curies":[{"name":"wp","href":"https:\/\/api.w.org\/{rel}","templated":true}]}}