{"id":4485,"date":"2019-02-25T15:01:32","date_gmt":"2019-02-25T15:01:32","guid":{"rendered":"http:\/\/louvionnets.fr\/blog\/?p=4485"},"modified":"2019-02-25T15:01:35","modified_gmt":"2019-02-25T15:01:35","slug":"lundi-23-fevrier-2","status":"publish","type":"post","link":"https:\/\/louvionnets.fr\/blog\/?p=4485","title":{"rendered":"Lundi 23 f\u00e9vrier"},"content":{"rendered":"\n<p> Bureau, Atelier <\/p>\n\n\n\n<ul class=\"wp-block-list\"><li> Mise en place des journ\u00e9es b\u00e9n\u00e9voles <\/li><li>Inventaire de mat\u00e9riel et cr\u00e9ation d&rsquo;une liste de commande <\/li><li>R\u00e9alisation d&rsquo;un plan pour mise en place d&rsquo;un syst\u00e8me d&rsquo;arceaux dans la benne du v\u00e9hicule permettant de transporter le mat\u00e9riel de grande longueur <\/li><li>Contact Sams\u00e9 pour la commande de bois <\/li><\/ul>\n\n\n\n<p> Entre Chez les Laurents et Les Taill\u00e9s <\/p>\n\n\n\n<ul class=\"wp-block-list\"><li> Cr\u00e9ation d&rsquo;une semelle en b\u00e9ton sous la passerelle  <\/li><\/ul>\n\n\n\n<p> Entre Coll\u00e8ge du Pays de Gavot et Chapelle de la Beunaz (en passant par le parcours VTT N\u00b08) <\/p>\n\n\n\n<ul class=\"wp-block-list\"><li> Tron\u00e7onnage et \u00e9vacuation d&rsquo;un arbre <\/li><li>Remplacement d&rsquo;un picto VTT <\/li><\/ul>\n\n\n\n<p> VTT N\u00b012  <\/p>\n\n\n\n<ul class=\"wp-block-list\"><li> Tron\u00e7onnage de trois arbres <\/li><li>\u00c9vacuation des branches du sentier <\/li><\/ul>\n\n\n\n<p> Entre Bois Ram\u00e9 et Mairie de Neuvecelle <\/p>\n\n\n\n<ul class=\"wp-block-list\"><li> Scellement d&rsquo;une balise <\/li><\/ul>\n\n\n\n<p> Entre Au dessus du Ch\u00eane et Parc Clair Matin <\/p>\n\n\n\n<ul class=\"wp-block-list\"><li> Scellement d&rsquo;une balise <\/li><\/ul>\n","protected":false},"excerpt":{"rendered":"<p>Bureau, Atelier Mise en place des journ\u00e9es b\u00e9n\u00e9voles Inventaire de mat\u00e9riel et cr\u00e9ation d&rsquo;une liste de commande R\u00e9alisation d&rsquo;un plan pour mise en place d&rsquo;un syst\u00e8me d&rsquo;arceaux dans la benne du v\u00e9hicule permettant de transporter le mat\u00e9riel de grande longueur Contact Sams\u00e9 pour la commande de bois Entre Chez les Laurents et Les Taill\u00e9s Cr\u00e9ation <a class=\"continue\" href=\"https:\/\/louvionnets.fr\/blog\/?p=4485\">[Continue]<\/a><\/p>\n","protected":false},"author":1,"featured_media":0,"comment_status":"closed","ping_status":"open","sticky":false,"template":"","format":"standard","meta":{"footnotes":""},"categories":[25],"tags":[],"class_list":["post-4485","post","type-post","status-publish","format-standard","hentry","category-ccpeva"],"_links":{"self":[{"href":"https:\/\/louvionnets.fr\/blog\/index.php?rest_route=\/wp\/v2\/posts\/4485","targetHints":{"allow":["GET"]}}],"collection":[{"href":"https:\/\/louvionnets.fr\/blog\/index.php?rest_route=\/wp\/v2\/posts"}],"about":[{"href":"https:\/\/louvionnets.fr\/blog\/index.php?rest_route=\/wp\/v2\/types\/post"}],"author":[{"embeddable":true,"href":"https:\/\/louvionnets.fr\/blog\/index.php?rest_route=\/wp\/v2\/users\/1"}],"replies":[{"embeddable":true,"href":"https:\/\/louvionnets.fr\/blog\/index.php?rest_route=%2Fwp%2Fv2%2Fcomments&post=4485"}],"version-history":[{"count":1,"href":"https:\/\/louvionnets.fr\/blog\/index.php?rest_route=\/wp\/v2\/posts\/4485\/revisions"}],"predecessor-version":[{"id":4486,"href":"https:\/\/louvionnets.fr\/blog\/index.php?rest_route=\/wp\/v2\/posts\/4485\/revisions\/4486"}],"wp:attachment":[{"href":"https:\/\/louvionnets.fr\/blog\/index.php?rest_route=%2Fwp%2Fv2%2Fmedia&parent=4485"}],"wp:term":[{"taxonomy":"category","embeddable":true,"href":"https:\/\/louvionnets.fr\/blog\/index.php?rest_route=%2Fwp%2Fv2%2Fcategories&post=4485"},{"taxonomy":"post_tag","embeddable":true,"href":"https:\/\/louvionnets.fr\/blog\/index.php?rest_route=%2Fwp%2Fv2%2Ftags&post=4485"}],"curies":[{"name":"wp","href":"https:\/\/api.w.org\/{rel}","templated":true}]}}