{"id":4479,"date":"2019-02-19T15:20:20","date_gmt":"2019-02-19T15:20:20","guid":{"rendered":"http:\/\/louvionnets.fr\/blog\/?p=4479"},"modified":"2019-05-11T07:21:43","modified_gmt":"2019-05-11T07:21:43","slug":"mardi-19-fevrier-2","status":"publish","type":"post","link":"https:\/\/louvionnets.fr\/blog\/?p=4479","title":{"rendered":"Mardi 19 f\u00e9vrier"},"content":{"rendered":"\n<p> Entre Creusaz et Col de Pertuis (par Bois de la Corne) <\/p>\n\n\n\n<ul class=\"wp-block-list\"><li> V\u00e9rification du sentier <\/li><li>Gros \u00e9lagage  <\/li><\/ul>\n\n\n\n<p> Entre Col de Pertuis et Creusaz (par Combe Noire) <\/p>\n\n\n\n<ul class=\"wp-block-list\"><li> V\u00e9rification du sentier <\/li><li>\u00c9lagage  <\/li><\/ul>\n\n\n\n<p> Entre Bois de la Corne et Chez les Vesin   <\/p>\n\n\n\n<ul class=\"wp-block-list\"><li> V\u00e9rification du sentier <\/li><li>\u00c9lagage   <\/li><\/ul>\n\n\n\n<p> Entre Creusaz et Chez les Vesins (par Bois de la Corne) <\/p>\n\n\n\n<ul class=\"wp-block-list\"><li> V\u00e9rification du sentier<\/li><li>\u00c9lagage<\/li><\/ul>\n\n\n\n<p> Entre Chez les Vesins et Creusaz <\/p>\n\n\n\n<ul class=\"wp-block-list\"><li> V\u00e9rification du sentier <\/li><li>\u00c9lagage  <\/li><li>Tron\u00e7onnage et \u00e9vacuation de trois arbres <\/li><\/ul>\n\n\n\n<p> Entre Chez les Servoz et Le D\u00e9jeuner <\/p>\n\n\n\n<ul class=\"wp-block-list\"><li> Calage et r\u00e9paration de la passerelle <\/li><\/ul>\n\n\n\n<p> Entre Mairie de Maxilly et Torrent <\/p>\n\n\n\n<ul class=\"wp-block-list\"><li> Calage et r\u00e9paration de la passerelle <\/li><\/ul>\n\n\n\n<p>Boucle du Maravant<\/p>\n\n\n\n<ul class=\"wp-block-list\"><li>Nettoyage des plaques et v\u00e9rification de l&rsquo;itin\u00e9raire<\/li><\/ul>\n\n\n\n<p><\/p>\n\n\n\n<p><\/p>\n","protected":false},"excerpt":{"rendered":"<p>Entre Creusaz et Col de Pertuis (par Bois de la Corne) V\u00e9rification du sentier Gros \u00e9lagage Entre Col de Pertuis et Creusaz (par Combe Noire) V\u00e9rification du sentier \u00c9lagage Entre Bois de la Corne et Chez les Vesin V\u00e9rification du sentier \u00c9lagage Entre Creusaz et Chez les Vesins (par Bois de la Corne) V\u00e9rification du <a class=\"continue\" href=\"https:\/\/louvionnets.fr\/blog\/?p=4479\">[Continue]<\/a><\/p>\n","protected":false},"author":1,"featured_media":0,"comment_status":"closed","ping_status":"open","sticky":false,"template":"","format":"standard","meta":{"footnotes":""},"categories":[25],"tags":[],"class_list":["post-4479","post","type-post","status-publish","format-standard","hentry","category-ccpeva"],"_links":{"self":[{"href":"https:\/\/louvionnets.fr\/blog\/index.php?rest_route=\/wp\/v2\/posts\/4479","targetHints":{"allow":["GET"]}}],"collection":[{"href":"https:\/\/louvionnets.fr\/blog\/index.php?rest_route=\/wp\/v2\/posts"}],"about":[{"href":"https:\/\/louvionnets.fr\/blog\/index.php?rest_route=\/wp\/v2\/types\/post"}],"author":[{"embeddable":true,"href":"https:\/\/louvionnets.fr\/blog\/index.php?rest_route=\/wp\/v2\/users\/1"}],"replies":[{"embeddable":true,"href":"https:\/\/louvionnets.fr\/blog\/index.php?rest_route=%2Fwp%2Fv2%2Fcomments&post=4479"}],"version-history":[{"count":2,"href":"https:\/\/louvionnets.fr\/blog\/index.php?rest_route=\/wp\/v2\/posts\/4479\/revisions"}],"predecessor-version":[{"id":4582,"href":"https:\/\/louvionnets.fr\/blog\/index.php?rest_route=\/wp\/v2\/posts\/4479\/revisions\/4582"}],"wp:attachment":[{"href":"https:\/\/louvionnets.fr\/blog\/index.php?rest_route=%2Fwp%2Fv2%2Fmedia&parent=4479"}],"wp:term":[{"taxonomy":"category","embeddable":true,"href":"https:\/\/louvionnets.fr\/blog\/index.php?rest_route=%2Fwp%2Fv2%2Fcategories&post=4479"},{"taxonomy":"post_tag","embeddable":true,"href":"https:\/\/louvionnets.fr\/blog\/index.php?rest_route=%2Fwp%2Fv2%2Ftags&post=4479"}],"curies":[{"name":"wp","href":"https:\/\/api.w.org\/{rel}","templated":true}]}}