{"id":4461,"date":"2019-02-07T18:55:27","date_gmt":"2019-02-07T18:55:27","guid":{"rendered":"http:\/\/louvionnets.fr\/blog\/?p=4461"},"modified":"2019-02-07T18:55:29","modified_gmt":"2019-02-07T18:55:29","slug":"jeudi-7-fevrier","status":"publish","type":"post","link":"https:\/\/louvionnets.fr\/blog\/?p=4461","title":{"rendered":"Jeudi 7 f\u00e9vrier"},"content":{"rendered":"\n<p> Entre Parc de Neuvecelle et R\u00e9servoir de Montigny <\/p>\n\n\n\n<ul class=\"wp-block-list\"><li> Portage de mat\u00e9riel <\/li><li>Cr\u00e9ation de deux nouveaux socles en b\u00e9ton <\/li><\/ul>\n\n\n\n<p> Entre Chez les Laurents et Ch\u00e2teau de Larringes <\/p>\n\n\n\n<ul class=\"wp-block-list\"><li> V\u00e9rification du sentier pour rep\u00e9rer si certaines branches ou certains arbres sont tomb\u00e9s suite aux fortes chutes de neige de la semaine derni\u00e8re  <\/li><\/ul>\n\n\n\n<p> Entre Cr\u00e9 Bouch\u00e9 et Les Grands Champs <\/p>\n\n\n\n<ul class=\"wp-block-list\"><li> V\u00e9rification du sentier pour rep\u00e9rer si certaines branches ou certains arbres sont tomb\u00e9s suite aux fortes chutes de neige de la semaine derni\u00e8re  <\/li><li>Coupe et \u00e9vacuation de branches <\/li><\/ul>\n\n\n\n<p> Entre Bois du Maravant et L&rsquo;Abbaye <\/p>\n\n\n\n<ul class=\"wp-block-list\"><li> V\u00e9rification du sentier pour rep\u00e9rer si certaines branches ou certains arbres sont tomb\u00e9s suite aux fortes chutes de neige de la semaine derni\u00e8re  <\/li><li>Coupe et \u00e9vacuation de branches <\/li><\/ul>\n\n\n\n<p> Bureau <\/p>\n\n\n\n<ul class=\"wp-block-list\"><li> R\u00e9cup\u00e9ration d&rsquo;informations sur le futur mat\u00e9riel \u00e0 acheter pour les prochains chantiers <\/li><\/ul>\n\n\n\n<p><\/p>\n","protected":false},"excerpt":{"rendered":"<p>Entre Parc de Neuvecelle et R\u00e9servoir de Montigny Portage de mat\u00e9riel Cr\u00e9ation de deux nouveaux socles en b\u00e9ton Entre Chez les Laurents et Ch\u00e2teau de Larringes V\u00e9rification du sentier pour rep\u00e9rer si certaines branches ou certains arbres sont tomb\u00e9s suite aux fortes chutes de neige de la semaine derni\u00e8re Entre Cr\u00e9 Bouch\u00e9 et Les Grands <a class=\"continue\" href=\"https:\/\/louvionnets.fr\/blog\/?p=4461\">[Continue]<\/a><\/p>\n","protected":false},"author":1,"featured_media":0,"comment_status":"closed","ping_status":"open","sticky":false,"template":"","format":"standard","meta":{"footnotes":""},"categories":[25,1],"tags":[],"class_list":["post-4461","post","type-post","status-publish","format-standard","hentry","category-ccpeva","category-non-classe"],"_links":{"self":[{"href":"https:\/\/louvionnets.fr\/blog\/index.php?rest_route=\/wp\/v2\/posts\/4461","targetHints":{"allow":["GET"]}}],"collection":[{"href":"https:\/\/louvionnets.fr\/blog\/index.php?rest_route=\/wp\/v2\/posts"}],"about":[{"href":"https:\/\/louvionnets.fr\/blog\/index.php?rest_route=\/wp\/v2\/types\/post"}],"author":[{"embeddable":true,"href":"https:\/\/louvionnets.fr\/blog\/index.php?rest_route=\/wp\/v2\/users\/1"}],"replies":[{"embeddable":true,"href":"https:\/\/louvionnets.fr\/blog\/index.php?rest_route=%2Fwp%2Fv2%2Fcomments&post=4461"}],"version-history":[{"count":1,"href":"https:\/\/louvionnets.fr\/blog\/index.php?rest_route=\/wp\/v2\/posts\/4461\/revisions"}],"predecessor-version":[{"id":4462,"href":"https:\/\/louvionnets.fr\/blog\/index.php?rest_route=\/wp\/v2\/posts\/4461\/revisions\/4462"}],"wp:attachment":[{"href":"https:\/\/louvionnets.fr\/blog\/index.php?rest_route=%2Fwp%2Fv2%2Fmedia&parent=4461"}],"wp:term":[{"taxonomy":"category","embeddable":true,"href":"https:\/\/louvionnets.fr\/blog\/index.php?rest_route=%2Fwp%2Fv2%2Fcategories&post=4461"},{"taxonomy":"post_tag","embeddable":true,"href":"https:\/\/louvionnets.fr\/blog\/index.php?rest_route=%2Fwp%2Fv2%2Ftags&post=4461"}],"curies":[{"name":"wp","href":"https:\/\/api.w.org\/{rel}","templated":true}]}}