{"id":4375,"date":"2018-11-09T18:04:15","date_gmt":"2018-11-09T18:04:15","guid":{"rendered":"http:\/\/louvionnets.fr\/blog\/?p=4375"},"modified":"2018-11-09T18:04:15","modified_gmt":"2018-11-09T18:04:15","slug":"vendredi-9-novembre-2","status":"publish","type":"post","link":"https:\/\/louvionnets.fr\/blog\/?p=4375","title":{"rendered":"Vendredi 9 novembre"},"content":{"rendered":"<p>Atelier<\/p>\n<p>&#8211; Cr\u00e9ation, impression et plastification de documents pour la modification temporaire de la Boucle des Sources de Publier suite au travaux en cours<\/p>\n<p>&#8211; R\u00e9cup\u00e9ration de plaques, d\u00e9coupe desdites plaques pour pouvoir les utiliser en support pour le balisage temporaire<\/p>\n<p>&#8211; Coupe de lambourdes<\/p>\n<p>&#8211; Rangement du materiels<\/p>\n<p>&#8211; D\u00e9gagement de la partie centrale pour pouvoir r\u00e9ceptionner le v\u00e9hicule<\/p>\n<p>&nbsp;<\/p>\n<p>Boucle Verte, Bleu, Rouge, source et VTT N\u00b017<\/p>\n<p>&#8211; Mise en plaque des plaques temporaires sur tous les endroits n\u00e9cessaires du parcours pour la modification de tous les circuits des boucles Verte, Rouge, Bleu et VTT<\/p>\n<p>&#8211; Masquage d&rsquo;ancien picto le temps que les chantiers soit termin\u00e9e<\/p>\n<p>&#8211; R\u00e9cup\u00e9ration de deux balises compl\u00e8tement d\u00e9cel\u00e9es suite au travaux et scellement desdites balises<\/p>\n<p>&#8211; Coupe de v\u00e9g\u00e9tation<\/p>\n<p>&nbsp;<\/p>\n<p>VTT N\u00b018 Entre Route de Saint-Urbain et Les Cornales<\/p>\n<p>&#8211; V\u00e9rification du sentier<\/p>\n<p>&#8211; Coupe de v\u00e9g\u00e9tation<\/p>\n<p>&nbsp;<\/p>\n<p>&nbsp;<\/p>\n","protected":false},"excerpt":{"rendered":"<p>Atelier &#8211; Cr\u00e9ation, impression et plastification de documents pour la modification temporaire de la Boucle des Sources de Publier suite au travaux en cours &#8211; R\u00e9cup\u00e9ration de plaques, d\u00e9coupe desdites plaques pour pouvoir les utiliser en support pour le balisage temporaire &#8211; Coupe de lambourdes &#8211; Rangement du materiels &#8211; D\u00e9gagement de la partie centrale <a class=\"continue\" href=\"https:\/\/louvionnets.fr\/blog\/?p=4375\">[Continue]<\/a><\/p>\n","protected":false},"author":1,"featured_media":0,"comment_status":"closed","ping_status":"open","sticky":false,"template":"","format":"standard","meta":{"footnotes":""},"categories":[25],"tags":[],"class_list":["post-4375","post","type-post","status-publish","format-standard","hentry","category-ccpeva"],"_links":{"self":[{"href":"https:\/\/louvionnets.fr\/blog\/index.php?rest_route=\/wp\/v2\/posts\/4375","targetHints":{"allow":["GET"]}}],"collection":[{"href":"https:\/\/louvionnets.fr\/blog\/index.php?rest_route=\/wp\/v2\/posts"}],"about":[{"href":"https:\/\/louvionnets.fr\/blog\/index.php?rest_route=\/wp\/v2\/types\/post"}],"author":[{"embeddable":true,"href":"https:\/\/louvionnets.fr\/blog\/index.php?rest_route=\/wp\/v2\/users\/1"}],"replies":[{"embeddable":true,"href":"https:\/\/louvionnets.fr\/blog\/index.php?rest_route=%2Fwp%2Fv2%2Fcomments&post=4375"}],"version-history":[{"count":1,"href":"https:\/\/louvionnets.fr\/blog\/index.php?rest_route=\/wp\/v2\/posts\/4375\/revisions"}],"predecessor-version":[{"id":4376,"href":"https:\/\/louvionnets.fr\/blog\/index.php?rest_route=\/wp\/v2\/posts\/4375\/revisions\/4376"}],"wp:attachment":[{"href":"https:\/\/louvionnets.fr\/blog\/index.php?rest_route=%2Fwp%2Fv2%2Fmedia&parent=4375"}],"wp:term":[{"taxonomy":"category","embeddable":true,"href":"https:\/\/louvionnets.fr\/blog\/index.php?rest_route=%2Fwp%2Fv2%2Fcategories&post=4375"},{"taxonomy":"post_tag","embeddable":true,"href":"https:\/\/louvionnets.fr\/blog\/index.php?rest_route=%2Fwp%2Fv2%2Ftags&post=4375"}],"curies":[{"name":"wp","href":"https:\/\/api.w.org\/{rel}","templated":true}]}}