{"id":4292,"date":"2018-09-19T07:04:21","date_gmt":"2018-09-19T07:04:21","guid":{"rendered":"http:\/\/louvionnets.fr\/blog\/?p=4292"},"modified":"2018-09-19T07:04:21","modified_gmt":"2018-09-19T07:04:21","slug":"mardi-18-septembre","status":"publish","type":"post","link":"https:\/\/louvionnets.fr\/blog\/?p=4292","title":{"rendered":"Mardi 18 septembre"},"content":{"rendered":"<p>Karcher de Vongy<\/p>\n<p>&#8211; Nettoyage du v\u00e9hicule au karcher<\/p>\n<p>&nbsp;<\/p>\n<p>Entre Larry et Les Ch\u00eanes en passant par La Trabuch\u00e9re<\/p>\n<p>&#8211; D\u00e9balisage de l&rsquo;ancien sentier du Littoral<\/p>\n<p>&#8211; Transformation de poteau en balise pour r\u00e9ceptionner les pictos VTT<\/p>\n<p>&#8211; Casse de socles<\/p>\n<p>&#8211; Coupe de v\u00e9g\u00e9tation<\/p>\n<p>&nbsp;<\/p>\n<p>Entre Les Ch\u00eanes et Larry en passant par Les Milloches<\/p>\n<p>&#8211; V\u00e9rification du sentier<\/p>\n<p>&#8211; Coupe de v\u00e9g\u00e9tation<\/p>\n<p>&nbsp;<\/p>\n<p>Parc de Neuvecelle<\/p>\n<p>&#8211; D\u00e9montage d&rsquo;un poteau et d&rsquo;un balise<\/p>\n<p>&#8211; Casse de socles<\/p>\n<p>&nbsp;<\/p>\n<p>Bureau<\/p>\n<p>&#8211; R\u00e9alisation d&rsquo;un dossier de commande de mobilier<\/p>\n<p>&#8211; Contact Armand pour futur projet d&rsquo;am\u00e9lioration de sentier \u00e0 la pelle m\u00e9canique<\/p>\n<p>&#8211; Mise en place des journ\u00e9es b\u00e9n\u00e9voles<\/p>\n<p>&#8211; envoi des factures pour les travaux r\u00e9alis\u00e9s sur les secteurs 1 et 2 du Littoral du L\u00e9man<\/p>\n<p>&nbsp;<\/p>\n<p>Application<\/p>\n<p>&#8211; modification du trac\u00e9 du Littoral<\/p>\n<p>&nbsp;<\/p>\n<p>B\u00e9n\u00e9volat : 10 heures<\/p>\n","protected":false},"excerpt":{"rendered":"<p>Karcher de Vongy &#8211; Nettoyage du v\u00e9hicule au karcher &nbsp; Entre Larry et Les Ch\u00eanes en passant par La Trabuch\u00e9re &#8211; D\u00e9balisage de l&rsquo;ancien sentier du Littoral &#8211; Transformation de poteau en balise pour r\u00e9ceptionner les pictos VTT &#8211; Casse de socles &#8211; Coupe de v\u00e9g\u00e9tation &nbsp; Entre Les Ch\u00eanes et Larry en passant par <a class=\"continue\" href=\"https:\/\/louvionnets.fr\/blog\/?p=4292\">[Continue]<\/a><\/p>\n","protected":false},"author":1,"featured_media":0,"comment_status":"closed","ping_status":"open","sticky":false,"template":"","format":"standard","meta":{"footnotes":""},"categories":[25],"tags":[],"class_list":["post-4292","post","type-post","status-publish","format-standard","hentry","category-ccpeva"],"_links":{"self":[{"href":"https:\/\/louvionnets.fr\/blog\/index.php?rest_route=\/wp\/v2\/posts\/4292","targetHints":{"allow":["GET"]}}],"collection":[{"href":"https:\/\/louvionnets.fr\/blog\/index.php?rest_route=\/wp\/v2\/posts"}],"about":[{"href":"https:\/\/louvionnets.fr\/blog\/index.php?rest_route=\/wp\/v2\/types\/post"}],"author":[{"embeddable":true,"href":"https:\/\/louvionnets.fr\/blog\/index.php?rest_route=\/wp\/v2\/users\/1"}],"replies":[{"embeddable":true,"href":"https:\/\/louvionnets.fr\/blog\/index.php?rest_route=%2Fwp%2Fv2%2Fcomments&post=4292"}],"version-history":[{"count":1,"href":"https:\/\/louvionnets.fr\/blog\/index.php?rest_route=\/wp\/v2\/posts\/4292\/revisions"}],"predecessor-version":[{"id":4293,"href":"https:\/\/louvionnets.fr\/blog\/index.php?rest_route=\/wp\/v2\/posts\/4292\/revisions\/4293"}],"wp:attachment":[{"href":"https:\/\/louvionnets.fr\/blog\/index.php?rest_route=%2Fwp%2Fv2%2Fmedia&parent=4292"}],"wp:term":[{"taxonomy":"category","embeddable":true,"href":"https:\/\/louvionnets.fr\/blog\/index.php?rest_route=%2Fwp%2Fv2%2Fcategories&post=4292"},{"taxonomy":"post_tag","embeddable":true,"href":"https:\/\/louvionnets.fr\/blog\/index.php?rest_route=%2Fwp%2Fv2%2Ftags&post=4292"}],"curies":[{"name":"wp","href":"https:\/\/api.w.org\/{rel}","templated":true}]}}