{"id":421,"date":"2009-05-19T17:34:28","date_gmt":"2009-05-19T16:34:28","guid":{"rendered":"http:\/\/prccevian.free.fr\/?p=421"},"modified":"2009-05-19T17:34:28","modified_gmt":"2009-05-19T16:34:28","slug":"lundi-18-mai","status":"publish","type":"post","link":"https:\/\/louvionnets.fr\/blog\/?p=421","title":{"rendered":"Lundi 18 mai"},"content":{"rendered":"<p>Pr\u00e9sentation \u00e0 Christophe Guffond, Arch\u00e9logue D\u00e9partemental du four \u00e0 chaux et des \u00e9quipements de la carri\u00e8re de la Balme, situ\u00e9 sur l&rsquo;itin\u00e9raire du chemin des Bacounis<\/p>\n<p>Compte rendu de cette r\u00e9union :<\/p>\n<p style=\"margin-bottom: 0cm;\" align=\"JUSTIFY\"><span style=\"text-decoration: underline;\"><strong>Pr\u00e9sents<\/strong><\/span> :<\/p>\n<p style=\"margin-bottom: 0cm;\" align=\"JUSTIFY\">Mme Bened (mairie de Meillerie) MM. Gu\u00e9du (Lou Vionnets), Guffond (Service arch\u00e9ologie CG 74), Jacquier (habitant de Meillerie ayant connu le site de la carri\u00e8re en activit\u00e9), Matmed (mairie de Meillerie), Pertuiset (habitant de Meillerie et passionn\u00e9 d\u2019histoire), Urien (Lou Vionnets)<\/p>\n<p style=\"margin-bottom: 0cm;\" align=\"JUSTIFY\">\n<p style=\"margin-bottom: 0cm;\" align=\"JUSTIFY\">La matin\u00e9e a \u00e9t\u00e9 consacr\u00e9e \u00e0 la visite de trois sites patrimoniaux dont deux sont destin\u00e9s \u00e0 \u00eatre valoris\u00e9s dans le cadre des sentiers de randonn\u00e9e traversant Meillerie\u00a0:<\/p>\n<p style=\"margin-bottom: 0cm;\" align=\"JUSTIFY\">\n<p style=\"margin-bottom: 0cm;\" align=\"JUSTIFY\">1 \u2013 Site d\u2019un ancien four \u00e0 chaux aupr\u00e8s duquel passe un sentier en cours d\u2019am\u00e9nagement (Chemin des Bacounis), sur le littoral lacustre. M. Pertuiset poss\u00e8de beaucoup de documentation sur ce site. Celle-ci peut largement \u00eatre valoris\u00e9e dans le cadre des possibilit\u00e9s offertes par la politique du Plan D\u00e9partemental des Itin\u00e9raires de Promenades et de Randonn\u00e9es.<\/p>\n<p style=\"margin-bottom: 0cm;\" align=\"JUSTIFY\">\n<p style=\"margin-bottom: 0cm;\" align=\"JUSTIFY\">2 \u2013 Site d\u2019une carri\u00e8re abandonn\u00e9e en plein bois ayant conserv\u00e9 habitat, forge et machinerie. Ce site se trouve sur une parcelle priv\u00e9e appartenant \u00e0 l\u2019exploitant de la carri\u00e8re encore en activit\u00e9. Cet ensemble, probablement moderne, poss\u00e8de un v\u00e9ritable int\u00e9r\u00eat patrimonial. Un acc\u00e8s depuis la boucle p\u00e9destre passant \u00e0 proximit\u00e9 (Chemin des Bacounis et GRP \u00ab\u00a0Littoral du L\u00e9man\u00a0\u00bb) est facile \u00e0 r\u00e9aliser, en pr\u00e9f\u00e9rant cependant des am\u00e9nagements \u00e0 la main, plut\u00f4t qu\u2019avec des engins (minipelle).<\/p>\n<p style=\"margin-bottom: 0cm;\" align=\"JUSTIFY\">Le confortement de l\u2019arbre avec roue de la machinerie n\u00e9cessite une intervention probablement assez on\u00e9reuse. La possibilit\u00e9 d\u2019\u00e9tablir un bail emphyt\u00e9otique mettant le site \u00e0 disposition de la commune et lui laissant la possibilit\u00e9 de d\u00e9velopper de plein droit un projet de valorisation, garantirait une aide de la part des partenaires publics. Christophe Guffond se charge de trouver un mod\u00e8le de bail.<\/p>\n<p style=\"margin-bottom: 0cm;\" align=\"JUSTIFY\">\n<p style=\"margin-bottom: 0cm;\" align=\"JUSTIFY\">3 \u2013 Visite des caves du b\u00e2timent du prieur\u00e9. Des contacts ont \u00e9t\u00e9 pris par l\u2019\u00e9tudiante de l\u2019Universit\u00e9 Lyon II dans la cadre de la d\u00e9finition de son sujet de recherche universitaire.<\/p>\n","protected":false},"excerpt":{"rendered":"<p>Pr\u00e9sentation \u00e0 Christophe Guffond, Arch\u00e9logue D\u00e9partemental du four \u00e0 chaux et des \u00e9quipements de la carri\u00e8re de la Balme, situ\u00e9 sur l&rsquo;itin\u00e9raire du chemin des Bacounis Compte rendu de cette r\u00e9union : Pr\u00e9sents : Mme Bened (mairie de Meillerie) MM. Gu\u00e9du (Lou Vionnets), Guffond (Service arch\u00e9ologie CG 74), Jacquier (habitant de Meillerie ayant connu le <a class=\"continue\" href=\"https:\/\/louvionnets.fr\/blog\/?p=421\">[Continue]<\/a><\/p>\n","protected":false},"author":1,"featured_media":0,"comment_status":"open","ping_status":"open","sticky":false,"template":"","format":"standard","meta":{"footnotes":""},"categories":[2],"tags":[6,15],"class_list":["post-421","post","type-post","status-publish","format-standard","hentry","category-blogroll","tag-bacounis","tag-littoral-du-leman"],"_links":{"self":[{"href":"https:\/\/louvionnets.fr\/blog\/index.php?rest_route=\/wp\/v2\/posts\/421","targetHints":{"allow":["GET"]}}],"collection":[{"href":"https:\/\/louvionnets.fr\/blog\/index.php?rest_route=\/wp\/v2\/posts"}],"about":[{"href":"https:\/\/louvionnets.fr\/blog\/index.php?rest_route=\/wp\/v2\/types\/post"}],"author":[{"embeddable":true,"href":"https:\/\/louvionnets.fr\/blog\/index.php?rest_route=\/wp\/v2\/users\/1"}],"replies":[{"embeddable":true,"href":"https:\/\/louvionnets.fr\/blog\/index.php?rest_route=%2Fwp%2Fv2%2Fcomments&post=421"}],"version-history":[{"count":0,"href":"https:\/\/louvionnets.fr\/blog\/index.php?rest_route=\/wp\/v2\/posts\/421\/revisions"}],"wp:attachment":[{"href":"https:\/\/louvionnets.fr\/blog\/index.php?rest_route=%2Fwp%2Fv2%2Fmedia&parent=421"}],"wp:term":[{"taxonomy":"category","embeddable":true,"href":"https:\/\/louvionnets.fr\/blog\/index.php?rest_route=%2Fwp%2Fv2%2Fcategories&post=421"},{"taxonomy":"post_tag","embeddable":true,"href":"https:\/\/louvionnets.fr\/blog\/index.php?rest_route=%2Fwp%2Fv2%2Ftags&post=421"}],"curies":[{"name":"wp","href":"https:\/\/api.w.org\/{rel}","templated":true}]}}