{"id":412,"date":"2009-05-14T18:09:41","date_gmt":"2009-05-14T17:09:41","guid":{"rendered":"http:\/\/prccevian.free.fr\/?p=412"},"modified":"2009-05-14T18:09:41","modified_gmt":"2009-05-14T17:09:41","slug":"jeudi-14-mai","status":"publish","type":"post","link":"https:\/\/louvionnets.fr\/blog\/?p=412","title":{"rendered":"jeudi 14 mai"},"content":{"rendered":"<p>Le Littoral du L\u00e9man du Parc de Neuvecelle jusqu\u2019\u00e0 Saint Paul\u00a0:<br \/>\nV\u00e9rification de ce tron\u00e7on avec \u00e9lagage et d\u00e9broussaillage<\/p>\n<p>Le GR5 \u00e0 Saint Gingolph ( du bord du lac jusqu\u2019au Parc Aventures):<br \/>\nV\u00e9rification de ce tron\u00e7on avec collage de pictos manquants<\/p>\n<p>Le littoral du L\u00e9man \u00e0 Saint Gingolph\u00a0(du Parc Aventures           jusqu\u2019au d\u00e9but de la mont\u00e9e vers Bret depuis la piste foresti\u00e8re)\u00a0:<br \/>\n&#8211;    V\u00e9rification de ce tron\u00e7on avec \u00e9lagage, d\u00e9broussaillage et re-scellement de la premi\u00e8re balise situ\u00e9e imm\u00e9diatement apr\u00e8s le d\u00e9part du Parc Aventures ( elle avait \u00e9t\u00e9 d\u00e9plac\u00e9e) et re-scellement du poteau qui indique la mont\u00e9e vers Bret depuis la piste foresti\u00e8re (Ce poteau avait \u00e9t\u00e9 descell\u00e9 par les b\u00fbcherons)<\/p>\n","protected":false},"excerpt":{"rendered":"<p>Le Littoral du L\u00e9man du Parc de Neuvecelle jusqu\u2019\u00e0 Saint Paul\u00a0: V\u00e9rification de ce tron\u00e7on avec \u00e9lagage et d\u00e9broussaillage Le GR5 \u00e0 Saint Gingolph ( du bord du lac jusqu\u2019au Parc Aventures): V\u00e9rification de ce tron\u00e7on avec collage de pictos manquants Le littoral du L\u00e9man \u00e0 Saint Gingolph\u00a0(du Parc Aventures jusqu\u2019au d\u00e9but de la mont\u00e9e <a class=\"continue\" href=\"https:\/\/louvionnets.fr\/blog\/?p=412\">[Continue]<\/a><\/p>\n","protected":false},"author":1,"featured_media":0,"comment_status":"open","ping_status":"open","sticky":false,"template":"","format":"standard","meta":{"footnotes":""},"categories":[2],"tags":[13,15],"class_list":["post-412","post","type-post","status-publish","format-standard","hentry","category-blogroll","tag-gr-5","tag-littoral-du-leman"],"_links":{"self":[{"href":"https:\/\/louvionnets.fr\/blog\/index.php?rest_route=\/wp\/v2\/posts\/412","targetHints":{"allow":["GET"]}}],"collection":[{"href":"https:\/\/louvionnets.fr\/blog\/index.php?rest_route=\/wp\/v2\/posts"}],"about":[{"href":"https:\/\/louvionnets.fr\/blog\/index.php?rest_route=\/wp\/v2\/types\/post"}],"author":[{"embeddable":true,"href":"https:\/\/louvionnets.fr\/blog\/index.php?rest_route=\/wp\/v2\/users\/1"}],"replies":[{"embeddable":true,"href":"https:\/\/louvionnets.fr\/blog\/index.php?rest_route=%2Fwp%2Fv2%2Fcomments&post=412"}],"version-history":[{"count":0,"href":"https:\/\/louvionnets.fr\/blog\/index.php?rest_route=\/wp\/v2\/posts\/412\/revisions"}],"wp:attachment":[{"href":"https:\/\/louvionnets.fr\/blog\/index.php?rest_route=%2Fwp%2Fv2%2Fmedia&parent=412"}],"wp:term":[{"taxonomy":"category","embeddable":true,"href":"https:\/\/louvionnets.fr\/blog\/index.php?rest_route=%2Fwp%2Fv2%2Fcategories&post=412"},{"taxonomy":"post_tag","embeddable":true,"href":"https:\/\/louvionnets.fr\/blog\/index.php?rest_route=%2Fwp%2Fv2%2Ftags&post=412"}],"curies":[{"name":"wp","href":"https:\/\/api.w.org\/{rel}","templated":true}]}}