{"id":4020,"date":"2018-03-13T07:46:43","date_gmt":"2018-03-13T07:46:43","guid":{"rendered":"http:\/\/louvionnets.fr\/blog\/?p=4020"},"modified":"2018-03-13T07:46:43","modified_gmt":"2018-03-13T07:46:43","slug":"lundi-12-mars","status":"publish","type":"post","link":"https:\/\/louvionnets.fr\/blog\/?p=4020","title":{"rendered":"Lundi 12 mars"},"content":{"rendered":"<p>Bureau<\/p>\n<p>&#8211; Impression d&rsquo;autocollants<\/p>\n<p>&#8211; Contact le garage des M\u00e9mises pour prendre rendez-vous pour la r\u00e9vision du v\u00e9hicule<\/p>\n<p>&#8211; T\u00e9l\u00e9chargement des photos du parcours VTT N\u00b02 et n\u00b07, puis r\u00e9duction desdites photos pour pouvoir les ins\u00e9rer dans la base de donn\u00e9es<\/p>\n<p>&nbsp;<\/p>\n<p>Parcours VTT N\u00b02<\/p>\n<p>&#8211; V\u00e9rification compl\u00e8te de la boucle<\/p>\n<p>&#8211; \u00c9vacuation de quelques branches mortes<\/p>\n<p>&#8211; Mise en place d&rsquo;un picto VTT sur support urbain au niveau de la station<\/p>\n<p>&#8211; Mise en place d&rsquo;un picto VTT entre Creusaz et Lain<\/p>\n<p>&#8211; Coupe de quelques branches et \u00e9vacuation desdites branches<\/p>\n<p>&#8211; R\u00e9cup\u00e9ration des informations n\u00e9cessaires (Coordonn\u00e9es GPS de chaque point de balisage, photos, etc.)<\/p>\n<p>&nbsp;<\/p>\n<p>Parcours VTT N\u00b07<\/p>\n<p>&#8211; V\u00e9rification compl\u00e8te de la boucle<\/p>\n<p>&#8211; \u00c9vacuation de quelques branches mortes<\/p>\n<p>&#8211; R\u00e9cup\u00e9ration des informations n\u00e9cessaires (Coordonn\u00e9es GPS de chaque point de balisage, photos, etc.)<\/p>\n<p>&nbsp;<\/p>\n<p>Super U Vinzier<\/p>\n<p>&#8211; Nettoyage complet du v\u00e9hicule et karcher<\/p>\n<p>&nbsp;<\/p>\n<p>La Boite \u00e0 Outils<\/p>\n<p>&#8211; Achat d&rsquo;une cartouche de colle 11FC<\/p>\n<p>&nbsp;<\/p>\n<p>&nbsp;<\/p>\n","protected":false},"excerpt":{"rendered":"<p>Bureau &#8211; Impression d&rsquo;autocollants &#8211; Contact le garage des M\u00e9mises pour prendre rendez-vous pour la r\u00e9vision du v\u00e9hicule &#8211; T\u00e9l\u00e9chargement des photos du parcours VTT N\u00b02 et n\u00b07, puis r\u00e9duction desdites photos pour pouvoir les ins\u00e9rer dans la base de donn\u00e9es &nbsp; Parcours VTT N\u00b02 &#8211; V\u00e9rification compl\u00e8te de la boucle &#8211; \u00c9vacuation de quelques <a class=\"continue\" href=\"https:\/\/louvionnets.fr\/blog\/?p=4020\">[Continue]<\/a><\/p>\n","protected":false},"author":1,"featured_media":0,"comment_status":"closed","ping_status":"open","sticky":false,"template":"","format":"standard","meta":{"footnotes":""},"categories":[1],"tags":[],"class_list":["post-4020","post","type-post","status-publish","format-standard","hentry","category-non-classe"],"_links":{"self":[{"href":"https:\/\/louvionnets.fr\/blog\/index.php?rest_route=\/wp\/v2\/posts\/4020","targetHints":{"allow":["GET"]}}],"collection":[{"href":"https:\/\/louvionnets.fr\/blog\/index.php?rest_route=\/wp\/v2\/posts"}],"about":[{"href":"https:\/\/louvionnets.fr\/blog\/index.php?rest_route=\/wp\/v2\/types\/post"}],"author":[{"embeddable":true,"href":"https:\/\/louvionnets.fr\/blog\/index.php?rest_route=\/wp\/v2\/users\/1"}],"replies":[{"embeddable":true,"href":"https:\/\/louvionnets.fr\/blog\/index.php?rest_route=%2Fwp%2Fv2%2Fcomments&post=4020"}],"version-history":[{"count":1,"href":"https:\/\/louvionnets.fr\/blog\/index.php?rest_route=\/wp\/v2\/posts\/4020\/revisions"}],"predecessor-version":[{"id":4021,"href":"https:\/\/louvionnets.fr\/blog\/index.php?rest_route=\/wp\/v2\/posts\/4020\/revisions\/4021"}],"wp:attachment":[{"href":"https:\/\/louvionnets.fr\/blog\/index.php?rest_route=%2Fwp%2Fv2%2Fmedia&parent=4020"}],"wp:term":[{"taxonomy":"category","embeddable":true,"href":"https:\/\/louvionnets.fr\/blog\/index.php?rest_route=%2Fwp%2Fv2%2Fcategories&post=4020"},{"taxonomy":"post_tag","embeddable":true,"href":"https:\/\/louvionnets.fr\/blog\/index.php?rest_route=%2Fwp%2Fv2%2Ftags&post=4020"}],"curies":[{"name":"wp","href":"https:\/\/api.w.org\/{rel}","templated":true}]}}