{"id":3997,"date":"2018-03-01T16:44:27","date_gmt":"2018-03-01T16:44:27","guid":{"rendered":"http:\/\/louvionnets.fr\/blog\/?p=3997"},"modified":"2018-03-01T16:44:27","modified_gmt":"2018-03-01T16:44:27","slug":"jeudi-1er-mars","status":"publish","type":"post","link":"https:\/\/louvionnets.fr\/blog\/?p=3997","title":{"rendered":"Jeudi 1er mars"},"content":{"rendered":"<p>Atelier<\/p>\n<p>&#8211; Trie et pr\u00e9paration de mat\u00e9riel<\/p>\n<p>&nbsp;<\/p>\n<p>Bureau<\/p>\n<p>&#8211; Rendez-vous avec Fr\u00e9d\u00e9ric<\/p>\n<p>&#8211; Impression d\u2019autocollant pour VTT<\/p>\n<p>&#8211; Mise en place des journ\u00e9es b\u00e9n\u00e9voles<\/p>\n<p>&#8211; Travail sur logiciel de gestion des itin\u00e9raires de randonn\u00e9e et du mobilier<\/p>\n<p>&#8211; Travail sur le parcours VTT N\u00b06 dans la base de donn\u00e9es<\/p>\n<p>&nbsp;<\/p>\n<p>VTT N\u00b06 Entre Cr\u00e9 Bouch\u00e9 et F\u00e9ternes<\/p>\n<p>&#8211; V\u00e9rification du sentier<\/p>\n<p>&#8211; R\u00e9cup\u00e9ration des informations n\u00e9cessaires (Coordonn\u00e9es GPS de chaque point de balisage, photos, etc.)<\/p>\n<p>&nbsp;<\/p>\n<p>Bureau<\/p>\n<p>&#8211; Travail sur logiciel de gestion des itin\u00e9raires de randonn\u00e9e et du mobilier<\/p>\n<p>&#8211; Travail sur le parcours VTT N\u00b06 dans la base de donn\u00e9es<\/p>\n<p>&#8211; R\u00e9alisation de tout les croquis pour le parcours VTT N\u00b06 (Finalis\u00e9)<\/p>\n<p>&#8211; T\u00e9l\u00e9chargement du plan de balisage du Littoral<\/p>\n<p>&nbsp;<\/p>\n<p>Marie de Publier<\/p>\n<p>RDV concernant le local<\/p>\n<p>&nbsp;<\/p>\n<p>B\u00e9n\u00e9volat : 3 heures<\/p>\n","protected":false},"excerpt":{"rendered":"<p>Atelier &#8211; Trie et pr\u00e9paration de mat\u00e9riel &nbsp; Bureau &#8211; Rendez-vous avec Fr\u00e9d\u00e9ric &#8211; Impression d\u2019autocollant pour VTT &#8211; Mise en place des journ\u00e9es b\u00e9n\u00e9voles &#8211; Travail sur logiciel de gestion des itin\u00e9raires de randonn\u00e9e et du mobilier &#8211; Travail sur le parcours VTT N\u00b06 dans la base de donn\u00e9es &nbsp; VTT N\u00b06 Entre Cr\u00e9 <a class=\"continue\" href=\"https:\/\/louvionnets.fr\/blog\/?p=3997\">[Continue]<\/a><\/p>\n","protected":false},"author":1,"featured_media":0,"comment_status":"closed","ping_status":"open","sticky":false,"template":"","format":"standard","meta":{"footnotes":""},"categories":[25],"tags":[],"class_list":["post-3997","post","type-post","status-publish","format-standard","hentry","category-ccpeva"],"_links":{"self":[{"href":"https:\/\/louvionnets.fr\/blog\/index.php?rest_route=\/wp\/v2\/posts\/3997","targetHints":{"allow":["GET"]}}],"collection":[{"href":"https:\/\/louvionnets.fr\/blog\/index.php?rest_route=\/wp\/v2\/posts"}],"about":[{"href":"https:\/\/louvionnets.fr\/blog\/index.php?rest_route=\/wp\/v2\/types\/post"}],"author":[{"embeddable":true,"href":"https:\/\/louvionnets.fr\/blog\/index.php?rest_route=\/wp\/v2\/users\/1"}],"replies":[{"embeddable":true,"href":"https:\/\/louvionnets.fr\/blog\/index.php?rest_route=%2Fwp%2Fv2%2Fcomments&post=3997"}],"version-history":[{"count":1,"href":"https:\/\/louvionnets.fr\/blog\/index.php?rest_route=\/wp\/v2\/posts\/3997\/revisions"}],"predecessor-version":[{"id":3998,"href":"https:\/\/louvionnets.fr\/blog\/index.php?rest_route=\/wp\/v2\/posts\/3997\/revisions\/3998"}],"wp:attachment":[{"href":"https:\/\/louvionnets.fr\/blog\/index.php?rest_route=%2Fwp%2Fv2%2Fmedia&parent=3997"}],"wp:term":[{"taxonomy":"category","embeddable":true,"href":"https:\/\/louvionnets.fr\/blog\/index.php?rest_route=%2Fwp%2Fv2%2Fcategories&post=3997"},{"taxonomy":"post_tag","embeddable":true,"href":"https:\/\/louvionnets.fr\/blog\/index.php?rest_route=%2Fwp%2Fv2%2Ftags&post=3997"}],"curies":[{"name":"wp","href":"https:\/\/api.w.org\/{rel}","templated":true}]}}