{"id":3994,"date":"2018-02-27T13:29:07","date_gmt":"2018-02-27T13:29:07","guid":{"rendered":"http:\/\/louvionnets.fr\/blog\/?p=3994"},"modified":"2018-02-27T13:29:07","modified_gmt":"2018-02-27T13:29:07","slug":"mardi-27-fevrier","status":"publish","type":"post","link":"https:\/\/louvionnets.fr\/blog\/?p=3994","title":{"rendered":"Mardi 27 f\u00e9vrier"},"content":{"rendered":"<p>Atelier<\/p>\n<p>&#8211; Travail sur logiciel de gestion des itin\u00e9raires de randonn\u00e9e et du mobilier<\/p>\n<p>&#8211; Travail sur le parcours VTT N\u00b03 dans la base de donn\u00e9es, r\u00e9alisation de quelques croquis<\/p>\n<p>&nbsp;<\/p>\n<p>&nbsp;<\/p>\n<p>Office du tourisme de Bernex<\/p>\n<p>&#8211; Rendez-vous avec les b\u00e9n\u00e9voles<\/p>\n<p>&nbsp;<\/p>\n<p>Circuit des alpages de Bernex<\/p>\n<p>&#8211; V\u00e9rification compl\u00e8te de la boucle<\/p>\n<p>&#8211; Coupe de quelques branches et \u00e9vacuation desdites branches<\/p>\n<p>&nbsp;<\/p>\n<p>Entre Troubois et Lajoux<\/p>\n<p>&#8211; V\u00e9rification du sentier<\/p>\n<p>&#8211; Coupe de quelques branches et \u00e9vacuation desdites branches<\/p>\n<p>&#8211; \u00c9vacuation de quelques branches mortes<\/p>\n<p>&#8211; D\u00e9balisage de la Variante Littoral<\/p>\n<p>&nbsp;<\/p>\n<p>VTT N\u00b06 La travers\u00e9e du plateau de Gavot<\/p>\n<p>&#8211; V\u00e9rification du sentier entre F\u00e9ternes et Cr\u00e9 Bouch\u00e9<\/p>\n<p>&#8211; R\u00e9cup\u00e9ration des informations n\u00e9cessaires (Coordonn\u00e9es GPS de chaque point de balisage, photos, etc.)<\/p>\n<p>&nbsp;<\/p>\n<p>Bureau<\/p>\n<p>&#8211; T\u00e9l\u00e9chargement des photos du parcours VTT N\u00b06, puis r\u00e9duction desdites photos pour pouvoir les ins\u00e9rer dans la base de donn\u00e9es<\/p>\n<p>&nbsp;<\/p>\n<p>B\u00e9n\u00e9volat : 12 heures<\/p>\n<p>&nbsp;<\/p>\n","protected":false},"excerpt":{"rendered":"<p>Atelier &#8211; Travail sur logiciel de gestion des itin\u00e9raires de randonn\u00e9e et du mobilier &#8211; Travail sur le parcours VTT N\u00b03 dans la base de donn\u00e9es, r\u00e9alisation de quelques croquis &nbsp; &nbsp; Office du tourisme de Bernex &#8211; Rendez-vous avec les b\u00e9n\u00e9voles &nbsp; Circuit des alpages de Bernex &#8211; V\u00e9rification compl\u00e8te de la boucle &#8211; <a class=\"continue\" href=\"https:\/\/louvionnets.fr\/blog\/?p=3994\">[Continue]<\/a><\/p>\n","protected":false},"author":1,"featured_media":0,"comment_status":"closed","ping_status":"open","sticky":false,"template":"","format":"standard","meta":{"footnotes":""},"categories":[25],"tags":[],"class_list":["post-3994","post","type-post","status-publish","format-standard","hentry","category-ccpeva"],"_links":{"self":[{"href":"https:\/\/louvionnets.fr\/blog\/index.php?rest_route=\/wp\/v2\/posts\/3994","targetHints":{"allow":["GET"]}}],"collection":[{"href":"https:\/\/louvionnets.fr\/blog\/index.php?rest_route=\/wp\/v2\/posts"}],"about":[{"href":"https:\/\/louvionnets.fr\/blog\/index.php?rest_route=\/wp\/v2\/types\/post"}],"author":[{"embeddable":true,"href":"https:\/\/louvionnets.fr\/blog\/index.php?rest_route=\/wp\/v2\/users\/1"}],"replies":[{"embeddable":true,"href":"https:\/\/louvionnets.fr\/blog\/index.php?rest_route=%2Fwp%2Fv2%2Fcomments&post=3994"}],"version-history":[{"count":1,"href":"https:\/\/louvionnets.fr\/blog\/index.php?rest_route=\/wp\/v2\/posts\/3994\/revisions"}],"predecessor-version":[{"id":3995,"href":"https:\/\/louvionnets.fr\/blog\/index.php?rest_route=\/wp\/v2\/posts\/3994\/revisions\/3995"}],"wp:attachment":[{"href":"https:\/\/louvionnets.fr\/blog\/index.php?rest_route=%2Fwp%2Fv2%2Fmedia&parent=3994"}],"wp:term":[{"taxonomy":"category","embeddable":true,"href":"https:\/\/louvionnets.fr\/blog\/index.php?rest_route=%2Fwp%2Fv2%2Fcategories&post=3994"},{"taxonomy":"post_tag","embeddable":true,"href":"https:\/\/louvionnets.fr\/blog\/index.php?rest_route=%2Fwp%2Fv2%2Ftags&post=3994"}],"curies":[{"name":"wp","href":"https:\/\/api.w.org\/{rel}","templated":true}]}}