{"id":3988,"date":"2018-02-24T09:45:51","date_gmt":"2018-02-24T09:45:51","guid":{"rendered":"http:\/\/louvionnets.fr\/blog\/?p=3988"},"modified":"2018-02-24T09:45:51","modified_gmt":"2018-02-24T09:45:51","slug":"jeudi-22-fevrier","status":"publish","type":"post","link":"https:\/\/louvionnets.fr\/blog\/?p=3988","title":{"rendered":"Jeudi 22 f\u00e9vrier"},"content":{"rendered":"<p>Bureau<\/p>\n<p>\u2013 Travail sur logiciel de gestion des itin\u00e9raires de randonn\u00e9e et du mobilier<\/p>\n<p>\u2013 Travail sur le parcours VTT N\u00b011 dans la base de donn\u00e9es, r\u00e9alisation de tous les croquis (VTT N\u00b011 finalis\u00e9)<\/p>\n<p>&nbsp;<\/p>\n<p>Gedimat<\/p>\n<p>&#8211; Achat de collier sans fin<\/p>\n<p>&#8211; Demande de devis pour palette de b\u00e9ton<\/p>\n<p>&nbsp;<\/p>\n<p>Boucle VTT N\u00b012 Le Bois du Fayet<\/p>\n<p>\u2013 V\u00e9rification compl\u00e8te de la boucle<\/p>\n<p>\u2013 Tron\u00e7onnage et \u00e9vacuation d\u2019un d\u2019arbre entre Lac de la Beunaz et la route d\u00e9partementale D52<\/p>\n<p>\u2013 Tron\u00e7onnage et \u00e9vacuation d\u2019un d\u2019arbre entre Le Champ du bois et la route d\u00e9partementale D52<\/p>\n<p>\u2013 Coupe de quelques branches et \u00e9vacuation desdites branches<\/p>\n<p>\u2013 R\u00e9cup\u00e9ration des informations n\u00e9cessaires (Coordonn\u00e9es GPS de chaque point de balisage, photos, etc.)<\/p>\n<p>&nbsp;<\/p>\n<p>Bureau<\/p>\n<p>\u2013 T\u00e9l\u00e9chargement des photos du parcours VTT N\u00b012, puis r\u00e9duction desdites photos pour pouvoir les ins\u00e9rer dans la base de donn\u00e9es et insertion de la plupart des photos dans la base de donn\u00e9es<\/p>\n<p>\u2013 Travail sur logiciel de gestion des itin\u00e9raires de randonn\u00e9e et du mobilier<\/p>\n<p>\u2013 Travail sur le parcours VTT N\u00b012 dans la base de donn\u00e9es<\/p>\n<p>\u2013 mise en place des notes de frais dans le dossier du drive<\/p>\n","protected":false},"excerpt":{"rendered":"<p>Bureau \u2013 Travail sur logiciel de gestion des itin\u00e9raires de randonn\u00e9e et du mobilier \u2013 Travail sur le parcours VTT N\u00b011 dans la base de donn\u00e9es, r\u00e9alisation de tous les croquis (VTT N\u00b011 finalis\u00e9) &nbsp; Gedimat &#8211; Achat de collier sans fin &#8211; Demande de devis pour palette de b\u00e9ton &nbsp; Boucle VTT N\u00b012 Le <a class=\"continue\" href=\"https:\/\/louvionnets.fr\/blog\/?p=3988\">[Continue]<\/a><\/p>\n","protected":false},"author":1,"featured_media":0,"comment_status":"closed","ping_status":"open","sticky":false,"template":"","format":"standard","meta":{"footnotes":""},"categories":[25],"tags":[],"class_list":["post-3988","post","type-post","status-publish","format-standard","hentry","category-ccpeva"],"_links":{"self":[{"href":"https:\/\/louvionnets.fr\/blog\/index.php?rest_route=\/wp\/v2\/posts\/3988","targetHints":{"allow":["GET"]}}],"collection":[{"href":"https:\/\/louvionnets.fr\/blog\/index.php?rest_route=\/wp\/v2\/posts"}],"about":[{"href":"https:\/\/louvionnets.fr\/blog\/index.php?rest_route=\/wp\/v2\/types\/post"}],"author":[{"embeddable":true,"href":"https:\/\/louvionnets.fr\/blog\/index.php?rest_route=\/wp\/v2\/users\/1"}],"replies":[{"embeddable":true,"href":"https:\/\/louvionnets.fr\/blog\/index.php?rest_route=%2Fwp%2Fv2%2Fcomments&post=3988"}],"version-history":[{"count":1,"href":"https:\/\/louvionnets.fr\/blog\/index.php?rest_route=\/wp\/v2\/posts\/3988\/revisions"}],"predecessor-version":[{"id":3989,"href":"https:\/\/louvionnets.fr\/blog\/index.php?rest_route=\/wp\/v2\/posts\/3988\/revisions\/3989"}],"wp:attachment":[{"href":"https:\/\/louvionnets.fr\/blog\/index.php?rest_route=%2Fwp%2Fv2%2Fmedia&parent=3988"}],"wp:term":[{"taxonomy":"category","embeddable":true,"href":"https:\/\/louvionnets.fr\/blog\/index.php?rest_route=%2Fwp%2Fv2%2Fcategories&post=3988"},{"taxonomy":"post_tag","embeddable":true,"href":"https:\/\/louvionnets.fr\/blog\/index.php?rest_route=%2Fwp%2Fv2%2Ftags&post=3988"}],"curies":[{"name":"wp","href":"https:\/\/api.w.org\/{rel}","templated":true}]}}