{"id":3986,"date":"2018-02-20T16:22:17","date_gmt":"2018-02-20T16:22:17","guid":{"rendered":"http:\/\/louvionnets.fr\/blog\/?p=3986"},"modified":"2018-02-20T16:22:17","modified_gmt":"2018-02-20T16:22:17","slug":"mardi-20-fevrier","status":"publish","type":"post","link":"https:\/\/louvionnets.fr\/blog\/?p=3986","title":{"rendered":"Mardi 20 f\u00e9vrier"},"content":{"rendered":"<p>Entre Les Plant\u00e9es et Bret<\/p>\n<p>&#8211; V\u00e9rification du sentier<\/p>\n<p>&#8211; Tron\u00e7onnage d&rsquo;un amas d&rsquo;arbres et \u00e9vacuation desdits arbres<\/p>\n<p>&#8211; Tron\u00e7onnage de plusieurs arbres et \u00e9vacuation desdits arbres<\/p>\n<p>&#8211; Enl\u00e8vement d&rsquo;une grosse souche du sentier \u00e0 l&rsquo;aide du tire-fort<\/p>\n<p>&#8211; Coupe de quelques branches et \u00e9vacuation desdites branches<\/p>\n<p>&nbsp;<\/p>\n<p>Entre Vinzier et Coll\u00e8ge du Pays de Gavot, VTT N\u00b011<\/p>\n<p>&#8211; V\u00e9rification du sentier<\/p>\n<p>&#8211; Mise en place d\u2019un picto VTT arrach\u00e9 entre Saint-Paul et Vinzier<\/p>\n<p>&#8211; R\u00e9cup\u00e9ration des informations n\u00e9cessaires (Coordonn\u00e9es GPS de chaque point de balisage, photos, etc.)<\/p>\n<p>&nbsp;<\/p>\n<p>Bureau<\/p>\n<p>&#8211; Travail sur logiciel de gestion des itin\u00e9raires de randonn\u00e9e et du mobilier<\/p>\n<p>&#8211; T\u00e9l\u00e9chargement des photos du parcours VTT N\u00b011, puis r\u00e9duction desdites photos pour pouvoir les ins\u00e9rer dans la base de donn\u00e9es et insertion de la plupart des photos dans la base de donn\u00e9es<\/p>\n<p>&nbsp;<\/p>\n<p>B\u00e9n\u00e9volat 16 heures<\/p>\n","protected":false},"excerpt":{"rendered":"<p>Entre Les Plant\u00e9es et Bret &#8211; V\u00e9rification du sentier &#8211; Tron\u00e7onnage d&rsquo;un amas d&rsquo;arbres et \u00e9vacuation desdits arbres &#8211; Tron\u00e7onnage de plusieurs arbres et \u00e9vacuation desdits arbres &#8211; Enl\u00e8vement d&rsquo;une grosse souche du sentier \u00e0 l&rsquo;aide du tire-fort &#8211; Coupe de quelques branches et \u00e9vacuation desdites branches &nbsp; Entre Vinzier et Coll\u00e8ge du Pays de <a class=\"continue\" href=\"https:\/\/louvionnets.fr\/blog\/?p=3986\">[Continue]<\/a><\/p>\n","protected":false},"author":1,"featured_media":0,"comment_status":"closed","ping_status":"open","sticky":false,"template":"","format":"standard","meta":{"footnotes":""},"categories":[25],"tags":[],"class_list":["post-3986","post","type-post","status-publish","format-standard","hentry","category-ccpeva"],"_links":{"self":[{"href":"https:\/\/louvionnets.fr\/blog\/index.php?rest_route=\/wp\/v2\/posts\/3986","targetHints":{"allow":["GET"]}}],"collection":[{"href":"https:\/\/louvionnets.fr\/blog\/index.php?rest_route=\/wp\/v2\/posts"}],"about":[{"href":"https:\/\/louvionnets.fr\/blog\/index.php?rest_route=\/wp\/v2\/types\/post"}],"author":[{"embeddable":true,"href":"https:\/\/louvionnets.fr\/blog\/index.php?rest_route=\/wp\/v2\/users\/1"}],"replies":[{"embeddable":true,"href":"https:\/\/louvionnets.fr\/blog\/index.php?rest_route=%2Fwp%2Fv2%2Fcomments&post=3986"}],"version-history":[{"count":1,"href":"https:\/\/louvionnets.fr\/blog\/index.php?rest_route=\/wp\/v2\/posts\/3986\/revisions"}],"predecessor-version":[{"id":3987,"href":"https:\/\/louvionnets.fr\/blog\/index.php?rest_route=\/wp\/v2\/posts\/3986\/revisions\/3987"}],"wp:attachment":[{"href":"https:\/\/louvionnets.fr\/blog\/index.php?rest_route=%2Fwp%2Fv2%2Fmedia&parent=3986"}],"wp:term":[{"taxonomy":"category","embeddable":true,"href":"https:\/\/louvionnets.fr\/blog\/index.php?rest_route=%2Fwp%2Fv2%2Fcategories&post=3986"},{"taxonomy":"post_tag","embeddable":true,"href":"https:\/\/louvionnets.fr\/blog\/index.php?rest_route=%2Fwp%2Fv2%2Ftags&post=3986"}],"curies":[{"name":"wp","href":"https:\/\/api.w.org\/{rel}","templated":true}]}}