{"id":3975,"date":"2018-02-12T19:28:20","date_gmt":"2018-02-12T19:28:20","guid":{"rendered":"http:\/\/louvionnets.fr\/blog\/?p=3975"},"modified":"2018-02-12T19:28:20","modified_gmt":"2018-02-12T19:28:20","slug":"lundi-12-fevrier","status":"publish","type":"post","link":"https:\/\/louvionnets.fr\/blog\/?p=3975","title":{"rendered":"Lundi 12 f\u00e9vrier"},"content":{"rendered":"<p>Boucle Aux Alentours de Saint Paul en Chablais<\/p>\n<p>&#8211; V\u00e9rification compl\u00e8te de la boucle<\/p>\n<p>&#8211; R\u00e9cup\u00e9ration des informations n\u00e9cessaires (Coordonn\u00e9es GPS de chaque point de balisage, photos, etc.)<\/p>\n<p>&#8211; Tron\u00e7onnage et \u00e9vacuation d\u2019un d\u2019arbre entre Chez Bouchex et Chez Bochet<\/p>\n<p>&#8211; Coupe de quelques branches et \u00e9vacuation desdites branches entre Les Bossons et Les Cr\u00eates<\/p>\n<p>&nbsp;<\/p>\n<p>Parcours VTT N\u00b08<\/p>\n<p>&#8211; V\u00e9rification du sentier<\/p>\n<p>&#8211; Tron\u00e7onnage et \u00e9vacuation d\u2019un d\u2019arbre entre Chez Bouchex et Le Champ du bois<\/p>\n<p>&nbsp;<\/p>\n<p>Bureau<\/p>\n<p>&#8211; Travail sur logiciel de gestion des itin\u00e9raires de randonn\u00e9e et du mobilier<\/p>\n<p>&#8211; R\u00e9alisation de tout les croquis pour le parcours VTT N\u00b019 (finalis\u00e9)<\/p>\n<p>&#8211; T\u00e9l\u00e9chargement de toutes les photos de la boucle Aux Alentours de Saint Paul en Chablais, puis r\u00e9duction desdites photos pour pouvoir les ins\u00e9rer dans la base de donn\u00e9es et insertion de la plupart des photos dans la base de donn\u00e9es<\/p>\n<p>&nbsp;<\/p>\n<p>R\u00e9unions sch\u00e9ma directeur<\/p>\n<p>B\u00e9n\u00e9volat : 9 heures<\/p>\n<p>&nbsp;<\/p>\n<p>&nbsp;<\/p>\n","protected":false},"excerpt":{"rendered":"<p>Boucle Aux Alentours de Saint Paul en Chablais &#8211; V\u00e9rification compl\u00e8te de la boucle &#8211; R\u00e9cup\u00e9ration des informations n\u00e9cessaires (Coordonn\u00e9es GPS de chaque point de balisage, photos, etc.) &#8211; Tron\u00e7onnage et \u00e9vacuation d\u2019un d\u2019arbre entre Chez Bouchex et Chez Bochet &#8211; Coupe de quelques branches et \u00e9vacuation desdites branches entre Les Bossons et Les Cr\u00eates <a class=\"continue\" href=\"https:\/\/louvionnets.fr\/blog\/?p=3975\">[Continue]<\/a><\/p>\n","protected":false},"author":1,"featured_media":0,"comment_status":"closed","ping_status":"open","sticky":false,"template":"","format":"standard","meta":{"footnotes":""},"categories":[25],"tags":[],"class_list":["post-3975","post","type-post","status-publish","format-standard","hentry","category-ccpeva"],"_links":{"self":[{"href":"https:\/\/louvionnets.fr\/blog\/index.php?rest_route=\/wp\/v2\/posts\/3975","targetHints":{"allow":["GET"]}}],"collection":[{"href":"https:\/\/louvionnets.fr\/blog\/index.php?rest_route=\/wp\/v2\/posts"}],"about":[{"href":"https:\/\/louvionnets.fr\/blog\/index.php?rest_route=\/wp\/v2\/types\/post"}],"author":[{"embeddable":true,"href":"https:\/\/louvionnets.fr\/blog\/index.php?rest_route=\/wp\/v2\/users\/1"}],"replies":[{"embeddable":true,"href":"https:\/\/louvionnets.fr\/blog\/index.php?rest_route=%2Fwp%2Fv2%2Fcomments&post=3975"}],"version-history":[{"count":1,"href":"https:\/\/louvionnets.fr\/blog\/index.php?rest_route=\/wp\/v2\/posts\/3975\/revisions"}],"predecessor-version":[{"id":3976,"href":"https:\/\/louvionnets.fr\/blog\/index.php?rest_route=\/wp\/v2\/posts\/3975\/revisions\/3976"}],"wp:attachment":[{"href":"https:\/\/louvionnets.fr\/blog\/index.php?rest_route=%2Fwp%2Fv2%2Fmedia&parent=3975"}],"wp:term":[{"taxonomy":"category","embeddable":true,"href":"https:\/\/louvionnets.fr\/blog\/index.php?rest_route=%2Fwp%2Fv2%2Fcategories&post=3975"},{"taxonomy":"post_tag","embeddable":true,"href":"https:\/\/louvionnets.fr\/blog\/index.php?rest_route=%2Fwp%2Fv2%2Ftags&post=3975"}],"curies":[{"name":"wp","href":"https:\/\/api.w.org\/{rel}","templated":true}]}}