{"id":3957,"date":"2018-02-05T15:10:12","date_gmt":"2018-02-05T15:10:12","guid":{"rendered":"http:\/\/louvionnets.fr\/blog\/?p=3957"},"modified":"2018-02-05T15:22:51","modified_gmt":"2018-02-05T15:22:51","slug":"5-fevrier","status":"publish","type":"post","link":"https:\/\/louvionnets.fr\/blog\/?p=3957","title":{"rendered":"5 f\u00e9vrier 2018"},"content":{"rendered":"<p>Bureau<\/p>\n<p>&#8211; Travail sur les trac\u00e9s des parties carrossables de certaines cartes<\/p>\n<p>&nbsp;<\/p>\n<p>Boucle des Hameaux de Lugrin<\/p>\n<p>&#8211; V\u00e9rification compl\u00e8te de la boucle<\/p>\n<p>&#8211; Coupe de quelques branches et \u00e9vacuation desdites branches<\/p>\n<p>&#8211; Tron\u00e7onnage et \u00e9vacuation d\u2019un d\u2019arbre entre Presles et Le D\u00e9jeuner<\/p>\n<p>&#8211; Tron\u00e7onnage et coupe de deux amas (\u00e0 diff\u00e9rent endroits) de plusieurs petits arbres, v\u00e9g\u00e9tation et ronces obstruant compl\u00e9tement le passage et \u00e9vacuation de ladite v\u00e9g\u00e9tation entre Presles et Le D\u00e9jeuner<\/p>\n<p>&#8211; R\u00e9cup\u00e9ration des informations n\u00e9cessaires (Coordonn\u00e9es GPS de chaque point de balisage, photos, etc.)<\/p>\n<p>&#8211; Tron\u00e7onnage et coupe d&rsquo;un petit amas de plusieurs petits arbres, v\u00e9g\u00e9tation et ronces obstruant l\u00e9g\u00e8rement le passage et \u00e9vacuation de ladite v\u00e9g\u00e9tation entre Le D\u00e9jeuner et Chez les Servoz<\/p>\n<p>&#8211; Enl\u00e8vement des branches du sentier<\/p>\n<p>&nbsp;<\/p>\n<p>Boucle Panoramique<\/p>\n<p>&#8211; V\u00e9rification compl\u00e8te de la boucle<\/p>\n<p>&#8211; Coupe de quelques branches et \u00e9vacuation desdites branches<\/p>\n<p>&#8211; Enl\u00e8vement des branches du sentier<\/p>\n<p>&nbsp;<\/p>\n<p>&nbsp;<\/p>\n","protected":false},"excerpt":{"rendered":"<p>Bureau &#8211; Travail sur les trac\u00e9s des parties carrossables de certaines cartes &nbsp; Boucle des Hameaux de Lugrin &#8211; V\u00e9rification compl\u00e8te de la boucle &#8211; Coupe de quelques branches et \u00e9vacuation desdites branches &#8211; Tron\u00e7onnage et \u00e9vacuation d\u2019un d\u2019arbre entre Presles et Le D\u00e9jeuner &#8211; Tron\u00e7onnage et coupe de deux amas (\u00e0 diff\u00e9rent endroits) de <a class=\"continue\" href=\"https:\/\/louvionnets.fr\/blog\/?p=3957\">[Continue]<\/a><\/p>\n","protected":false},"author":1,"featured_media":0,"comment_status":"closed","ping_status":"open","sticky":false,"template":"","format":"standard","meta":{"footnotes":""},"categories":[25],"tags":[],"class_list":["post-3957","post","type-post","status-publish","format-standard","hentry","category-ccpeva"],"_links":{"self":[{"href":"https:\/\/louvionnets.fr\/blog\/index.php?rest_route=\/wp\/v2\/posts\/3957","targetHints":{"allow":["GET"]}}],"collection":[{"href":"https:\/\/louvionnets.fr\/blog\/index.php?rest_route=\/wp\/v2\/posts"}],"about":[{"href":"https:\/\/louvionnets.fr\/blog\/index.php?rest_route=\/wp\/v2\/types\/post"}],"author":[{"embeddable":true,"href":"https:\/\/louvionnets.fr\/blog\/index.php?rest_route=\/wp\/v2\/users\/1"}],"replies":[{"embeddable":true,"href":"https:\/\/louvionnets.fr\/blog\/index.php?rest_route=%2Fwp%2Fv2%2Fcomments&post=3957"}],"version-history":[{"count":2,"href":"https:\/\/louvionnets.fr\/blog\/index.php?rest_route=\/wp\/v2\/posts\/3957\/revisions"}],"predecessor-version":[{"id":3959,"href":"https:\/\/louvionnets.fr\/blog\/index.php?rest_route=\/wp\/v2\/posts\/3957\/revisions\/3959"}],"wp:attachment":[{"href":"https:\/\/louvionnets.fr\/blog\/index.php?rest_route=%2Fwp%2Fv2%2Fmedia&parent=3957"}],"wp:term":[{"taxonomy":"category","embeddable":true,"href":"https:\/\/louvionnets.fr\/blog\/index.php?rest_route=%2Fwp%2Fv2%2Fcategories&post=3957"},{"taxonomy":"post_tag","embeddable":true,"href":"https:\/\/louvionnets.fr\/blog\/index.php?rest_route=%2Fwp%2Fv2%2Ftags&post=3957"}],"curies":[{"name":"wp","href":"https:\/\/api.w.org\/{rel}","templated":true}]}}