{"id":3955,"date":"2018-02-02T16:11:33","date_gmt":"2018-02-02T16:11:33","guid":{"rendered":"http:\/\/louvionnets.fr\/blog\/?p=3955"},"modified":"2018-02-02T16:11:33","modified_gmt":"2018-02-02T16:11:33","slug":"vendredi-2-fevrier","status":"publish","type":"post","link":"https:\/\/louvionnets.fr\/blog\/?p=3955","title":{"rendered":"Vendredi 2 f\u00e9vrier"},"content":{"rendered":"<p>Bureau<\/p>\n<p>&#8211; Travail sur logiciel de gestion des itin\u00e9raires de randonn\u00e9e et du mobilier<\/p>\n<p>&#8211; Boucle du Mont C\u00e9sar depuis la mairie de Thollon finalis\u00e9 (incluant tout les croquis aux normes et le VTT), (reste 2 petits points \u00e0 prendre sur place)<\/p>\n<p>&#8211; R\u00e9alisation de croquis<\/p>\n<p>&nbsp;<\/p>\n<p>Boucle du Tilleul et de La Pierre \u00e0 Cupules<\/p>\n<p>&#8211; V\u00e9rification compl\u00e8te de la boucle<\/p>\n<p>&#8211; R\u00e9cup\u00e9ration des informations n\u00e9cessaires (Coordonn\u00e9es GPS des points de balisage, photos, etc.)<\/p>\n<p>&#8211; Tron\u00e7onnage d\u2019un arbre et \u00e9vacuation dudit arbre entre le poteau Sur Lesvaux et le poteau Les Mouches<\/p>\n<p>&#8211; Enl\u00e8vement des branches du sentier<\/p>\n<p>&#8211; D\u00e9montage des anciennes plaques et mise en place des nouvelles plaques sur le poteau Vougron<\/p>\n<p>&nbsp;<\/p>\n<p>Bureau<\/p>\n<p>&#8211; Travail sur logiciel de gestion des itin\u00e9raires de randonn\u00e9e et du mobilier<\/p>\n<p>&#8211; R\u00e9alisation de croquis<\/p>\n<p>&#8211; Boucle du Ch\u00e2teau finalis\u00e9 (incluant tout les croquis aux normes et le VTT )<\/p>\n<p>&nbsp;<\/p>\n<p>Atelier<\/p>\n<p>&#8211; Affutage de la cha\u00eene de la tron\u00e7onneuse<\/p>\n<p>&nbsp;<\/p>\n<p>CCPEVA Abondance<\/p>\n<p>R\u00e9cup\u00e9ration de la convention<\/p>\n<p>\u00e9change sur l&rsquo;organisation \u00e0 mettre en place<\/p>\n<p>&nbsp;<\/p>\n<p>B\u00e9n\u00e9volat : 1 heure<\/p>\n","protected":false},"excerpt":{"rendered":"<p>Bureau &#8211; Travail sur logiciel de gestion des itin\u00e9raires de randonn\u00e9e et du mobilier &#8211; Boucle du Mont C\u00e9sar depuis la mairie de Thollon finalis\u00e9 (incluant tout les croquis aux normes et le VTT), (reste 2 petits points \u00e0 prendre sur place) &#8211; R\u00e9alisation de croquis &nbsp; Boucle du Tilleul et de La Pierre \u00e0 <a class=\"continue\" href=\"https:\/\/louvionnets.fr\/blog\/?p=3955\">[Continue]<\/a><\/p>\n","protected":false},"author":1,"featured_media":0,"comment_status":"closed","ping_status":"open","sticky":false,"template":"","format":"standard","meta":{"footnotes":""},"categories":[25],"tags":[],"class_list":["post-3955","post","type-post","status-publish","format-standard","hentry","category-ccpeva"],"_links":{"self":[{"href":"https:\/\/louvionnets.fr\/blog\/index.php?rest_route=\/wp\/v2\/posts\/3955","targetHints":{"allow":["GET"]}}],"collection":[{"href":"https:\/\/louvionnets.fr\/blog\/index.php?rest_route=\/wp\/v2\/posts"}],"about":[{"href":"https:\/\/louvionnets.fr\/blog\/index.php?rest_route=\/wp\/v2\/types\/post"}],"author":[{"embeddable":true,"href":"https:\/\/louvionnets.fr\/blog\/index.php?rest_route=\/wp\/v2\/users\/1"}],"replies":[{"embeddable":true,"href":"https:\/\/louvionnets.fr\/blog\/index.php?rest_route=%2Fwp%2Fv2%2Fcomments&post=3955"}],"version-history":[{"count":1,"href":"https:\/\/louvionnets.fr\/blog\/index.php?rest_route=\/wp\/v2\/posts\/3955\/revisions"}],"predecessor-version":[{"id":3956,"href":"https:\/\/louvionnets.fr\/blog\/index.php?rest_route=\/wp\/v2\/posts\/3955\/revisions\/3956"}],"wp:attachment":[{"href":"https:\/\/louvionnets.fr\/blog\/index.php?rest_route=%2Fwp%2Fv2%2Fmedia&parent=3955"}],"wp:term":[{"taxonomy":"category","embeddable":true,"href":"https:\/\/louvionnets.fr\/blog\/index.php?rest_route=%2Fwp%2Fv2%2Fcategories&post=3955"},{"taxonomy":"post_tag","embeddable":true,"href":"https:\/\/louvionnets.fr\/blog\/index.php?rest_route=%2Fwp%2Fv2%2Ftags&post=3955"}],"curies":[{"name":"wp","href":"https:\/\/api.w.org\/{rel}","templated":true}]}}