{"id":3950,"date":"2018-01-30T15:35:49","date_gmt":"2018-01-30T15:35:49","guid":{"rendered":"http:\/\/louvionnets.fr\/blog\/?p=3950"},"modified":"2018-01-30T15:35:49","modified_gmt":"2018-01-30T15:35:49","slug":"mardi-30-janvier","status":"publish","type":"post","link":"https:\/\/louvionnets.fr\/blog\/?p=3950","title":{"rendered":"Mardi 30 janvier"},"content":{"rendered":"<p>Atelier<\/p>\n<p>&#8211; Affutage de la cha\u00eene de la tron\u00e7onneuse<\/p>\n<p>&nbsp;<\/p>\n<p>Office du Tourisme de Bernex<\/p>\n<p>&#8211; Rendez-vous avec les b\u00e9n\u00e9voles<\/p>\n<p>&nbsp;<\/p>\n<p>Boucle raquette de l&rsquo;Envers<\/p>\n<p>&#8211; V\u00e9rification compl\u00e8te de la boucle<\/p>\n<p>&#8211; Coupe de quelques branches et \u00e9vacuation desdites branches<\/p>\n<p>&#8211; Tron\u00e7onnage de deux d\u2019arbres entre la Carri\u00e8re et l&rsquo;Envers et \u00e9vacuation desdits arbres, plus \u00e9vacuation d&rsquo;un arbre cass\u00e9 sur le chemin<\/p>\n<p>&#8211; R\u00e9cup\u00e9ration des informations n\u00e9cessaires (photos, etc.)<\/p>\n<p>&#8211; Mise en place d&rsquo;une plaque raquettes<\/p>\n<p>&nbsp;<\/p>\n<p>Circuit de la Descente aux Esserts<\/p>\n<p>&#8211; V\u00e9rification compl\u00e8te de la boucle<\/p>\n<p>&#8211; Coupe de quelques branches et \u00e9vacuation desdites branches<\/p>\n<p>&#8211; Tron\u00e7onnage d&rsquo;un d\u2019arbre entre l&rsquo;Envers et le Pellys et \u00e9vacuation dudit arbres<\/p>\n<p>&#8211; R\u00e9cup\u00e9ration des informations n\u00e9cessaires (photos, etc.)<\/p>\n<p>&#8211; Mise en place de trois plaques raquettes<\/p>\n<p>&nbsp;<\/p>\n<p>Bureau<\/p>\n<p>&#8211; Travail sur logiciel de gestion des itin\u00e9raires de randonn\u00e9e et du mobilier<\/p>\n<p>&#8211; Travail sur les cartes, les trac\u00e9s<\/p>\n<p>&#8211; Reprise du trac\u00e9 de la Boucle raquettes de L&rsquo;envers suite au modification de parcours<\/p>\n<p>&#8211; Reprise des points de balisage sur le parcours VTT N\u00b019 suite au modification de parcours<\/p>\n<p>&#8211; T\u00e9l\u00e9chargement de toute les photos du Circuit de la Descente aux Esserts et de la Boucle raquette de l&rsquo;Envers, puis r\u00e9duction desdites photos pour pouvoir les ins\u00e9rer dans la base de donn\u00e9es<\/p>\n<p>&nbsp;<\/p>\n<p>B\u00e9n\u00e9volat : 15 heures<\/p>\n<p>&nbsp;<\/p>\n<p>&nbsp;<\/p>\n","protected":false},"excerpt":{"rendered":"<p>Atelier &#8211; Affutage de la cha\u00eene de la tron\u00e7onneuse &nbsp; Office du Tourisme de Bernex &#8211; Rendez-vous avec les b\u00e9n\u00e9voles &nbsp; Boucle raquette de l&rsquo;Envers &#8211; V\u00e9rification compl\u00e8te de la boucle &#8211; Coupe de quelques branches et \u00e9vacuation desdites branches &#8211; Tron\u00e7onnage de deux d\u2019arbres entre la Carri\u00e8re et l&rsquo;Envers et \u00e9vacuation desdits arbres, plus <a class=\"continue\" href=\"https:\/\/louvionnets.fr\/blog\/?p=3950\">[Continue]<\/a><\/p>\n","protected":false},"author":1,"featured_media":0,"comment_status":"closed","ping_status":"open","sticky":false,"template":"","format":"standard","meta":{"footnotes":""},"categories":[25],"tags":[],"class_list":["post-3950","post","type-post","status-publish","format-standard","hentry","category-ccpeva"],"_links":{"self":[{"href":"https:\/\/louvionnets.fr\/blog\/index.php?rest_route=\/wp\/v2\/posts\/3950","targetHints":{"allow":["GET"]}}],"collection":[{"href":"https:\/\/louvionnets.fr\/blog\/index.php?rest_route=\/wp\/v2\/posts"}],"about":[{"href":"https:\/\/louvionnets.fr\/blog\/index.php?rest_route=\/wp\/v2\/types\/post"}],"author":[{"embeddable":true,"href":"https:\/\/louvionnets.fr\/blog\/index.php?rest_route=\/wp\/v2\/users\/1"}],"replies":[{"embeddable":true,"href":"https:\/\/louvionnets.fr\/blog\/index.php?rest_route=%2Fwp%2Fv2%2Fcomments&post=3950"}],"version-history":[{"count":1,"href":"https:\/\/louvionnets.fr\/blog\/index.php?rest_route=\/wp\/v2\/posts\/3950\/revisions"}],"predecessor-version":[{"id":3951,"href":"https:\/\/louvionnets.fr\/blog\/index.php?rest_route=\/wp\/v2\/posts\/3950\/revisions\/3951"}],"wp:attachment":[{"href":"https:\/\/louvionnets.fr\/blog\/index.php?rest_route=%2Fwp%2Fv2%2Fmedia&parent=3950"}],"wp:term":[{"taxonomy":"category","embeddable":true,"href":"https:\/\/louvionnets.fr\/blog\/index.php?rest_route=%2Fwp%2Fv2%2Fcategories&post=3950"},{"taxonomy":"post_tag","embeddable":true,"href":"https:\/\/louvionnets.fr\/blog\/index.php?rest_route=%2Fwp%2Fv2%2Ftags&post=3950"}],"curies":[{"name":"wp","href":"https:\/\/api.w.org\/{rel}","templated":true}]}}