{"id":2864,"date":"2015-12-17T17:30:44","date_gmt":"2015-12-17T17:30:44","guid":{"rendered":"http:\/\/louvionnets.fr\/blog\/?p=2864"},"modified":"2015-12-17T17:30:44","modified_gmt":"2015-12-17T17:30:44","slug":"jeudi-17-decembre","status":"publish","type":"post","link":"https:\/\/louvionnets.fr\/blog\/?p=2864","title":{"rendered":"Jeudi 17 d\u00e9cembre"},"content":{"rendered":"<p>Sentier du Tilleul<\/p>\n<p>&#8211; v\u00e9rification compl\u00e8te de la boucle<\/p>\n<p>&#8211; changement de la balise devant l&rsquo;ancienne carri\u00e8re de TUF + mise en place picto double fl\u00e8che et picto VTT<\/p>\n<p>&#8211; d\u00e9montage picto VTT<\/p>\n<p>&#8211; nettoyage des plaques poteau fin de l&rsquo;Orme<\/p>\n<p>&#8211; nettoyage des plaques poteau Alt 770m<\/p>\n<p>&#8211; nettoyage des plaques poteau Chef Lieu Alt 770m<\/p>\n<p>&#8211; nettoyage des plaques poteau Ch\u00e2teau Vieux (Ch Comtal) Alt 680m<\/p>\n<p>&#8211; nettoyage des plaques poteau la Pourtertaz<\/p>\n<p>&#8211; changement d&rsquo;une balise + mise en place fl\u00e8che double et VTT apr\u00e8s l&rsquo;oratoire de Curninge<\/p>\n<p>&#8211; changement d&rsquo;une balise en-dessous de Thieze + mise en place de deux pictos fl\u00e8che simple<\/p>\n<p>&#8211; balise redress\u00e9e en provisoire avant Vougron (venir la resceller)<\/p>\n<p>&#8211; r\u00e9cup\u00e9ration d&rsquo;une m\u00e8che \u00e0 m\u00e9tal chez b\u00e9n\u00e9vole<\/p>\n<p>&nbsp;<\/p>\n<p>GR 5<\/p>\n<p>&#8211; v\u00e9rification du poteau Alt 550m jusqu&rsquo;au moulin<\/p>\n<p>&#8211; nettoyage des plaques poteau Alt 550m<\/p>\n<p>&#8211; nettoyage des plaques poteau les Ch\u00eanes + effacement du balisage peinture GR<\/p>\n<p>&#8211; changement de la premi\u00e8re balise en-dessous de la Plantaz + mise en place picto double fl\u00e8che et GR5<\/p>\n<p>&#8211; nettoyage des plaques les Rates Alt 770m<\/p>\n<p>&#8211; changement de la balise en-dessous des Rates + mise en place picto double fl\u00e8che et GR5<\/p>\n<p>&#8211; d\u00e9montage et \u00e9vacuation d&rsquo;un ancien poteau \u00e0 Chaux<\/p>\n<p>&#8211; changement d&rsquo;une balise au M\u00e9rou + mise en place picto double fl\u00e8che, GR5 et VTT<\/p>\n<p>&#8211; changement d&rsquo;un picto double fl\u00e8che + GR5 sur balise apr\u00e8s les Beules<\/p>\n","protected":false},"excerpt":{"rendered":"<p>Sentier du Tilleul &#8211; v\u00e9rification compl\u00e8te de la boucle &#8211; changement de la balise devant l&rsquo;ancienne carri\u00e8re de TUF + mise en place picto double fl\u00e8che et picto VTT &#8211; d\u00e9montage picto VTT &#8211; nettoyage des plaques poteau fin de l&rsquo;Orme &#8211; nettoyage des plaques poteau Alt 770m &#8211; nettoyage des plaques poteau Chef Lieu <a class=\"continue\" href=\"https:\/\/louvionnets.fr\/blog\/?p=2864\">[Continue]<\/a><\/p>\n","protected":false},"author":1,"featured_media":0,"comment_status":"closed","ping_status":"open","sticky":false,"template":"","format":"standard","meta":{"footnotes":""},"categories":[1],"tags":[],"class_list":["post-2864","post","type-post","status-publish","format-standard","hentry","category-non-classe"],"_links":{"self":[{"href":"https:\/\/louvionnets.fr\/blog\/index.php?rest_route=\/wp\/v2\/posts\/2864","targetHints":{"allow":["GET"]}}],"collection":[{"href":"https:\/\/louvionnets.fr\/blog\/index.php?rest_route=\/wp\/v2\/posts"}],"about":[{"href":"https:\/\/louvionnets.fr\/blog\/index.php?rest_route=\/wp\/v2\/types\/post"}],"author":[{"embeddable":true,"href":"https:\/\/louvionnets.fr\/blog\/index.php?rest_route=\/wp\/v2\/users\/1"}],"replies":[{"embeddable":true,"href":"https:\/\/louvionnets.fr\/blog\/index.php?rest_route=%2Fwp%2Fv2%2Fcomments&post=2864"}],"version-history":[{"count":1,"href":"https:\/\/louvionnets.fr\/blog\/index.php?rest_route=\/wp\/v2\/posts\/2864\/revisions"}],"predecessor-version":[{"id":2865,"href":"https:\/\/louvionnets.fr\/blog\/index.php?rest_route=\/wp\/v2\/posts\/2864\/revisions\/2865"}],"wp:attachment":[{"href":"https:\/\/louvionnets.fr\/blog\/index.php?rest_route=%2Fwp%2Fv2%2Fmedia&parent=2864"}],"wp:term":[{"taxonomy":"category","embeddable":true,"href":"https:\/\/louvionnets.fr\/blog\/index.php?rest_route=%2Fwp%2Fv2%2Fcategories&post=2864"},{"taxonomy":"post_tag","embeddable":true,"href":"https:\/\/louvionnets.fr\/blog\/index.php?rest_route=%2Fwp%2Fv2%2Ftags&post=2864"}],"curies":[{"name":"wp","href":"https:\/\/api.w.org\/{rel}","templated":true}]}}