{"id":2619,"date":"2015-06-24T12:41:38","date_gmt":"2015-06-24T12:41:38","guid":{"rendered":"http:\/\/louvionnets.fr\/blog\/?p=2619"},"modified":"2015-06-24T12:41:38","modified_gmt":"2015-06-24T12:41:38","slug":"mardi-23-juin","status":"publish","type":"post","link":"https:\/\/louvionnets.fr\/blog\/?p=2619","title":{"rendered":"Mardi 23 juin"},"content":{"rendered":"<p>Tour du Mont C\u00e9sar<\/p>\n<p>&#8211; d\u00e9placement du panneau au d\u00e9part du Mont C\u00e9sar au niveau du parking de Creusaz<\/p>\n<p>&nbsp;<\/p>\n<p>&#8211; rendez-vous avec Fr\u00e9d\u00e9ric<br \/>\n&#8211; d\u00e9pose d&rsquo;une palette \u00e0 Maupas<br \/>\n&#8211; personne s&rsquo;occupant du th\u00e9\u00e2tre absente (\u00e0 voir la prochaine fois)<\/p>\n<p>&nbsp;<\/p>\n<p>Boucle panoramique<\/p>\n<p>&#8211; d\u00e9broussaillage, \u00e9lagage, coupe de branches, nettoyage de d\u00e9tritus, coupe d&rsquo;un arbre de Lonvernay \u00e0 chez les Servoz<br \/>\n&#8211; d\u00e9broussaillage, \u00e9lagage, coupe de branches, nettoyage de d\u00e9tritus du sentier descendant en-dessous du poteau le Rosay<\/p>\n<p>&nbsp;<\/p>\n<p>B\u00e9n\u00e9volat : 4 heures<\/p>\n","protected":false},"excerpt":{"rendered":"<p>Tour du Mont C\u00e9sar &#8211; d\u00e9placement du panneau au d\u00e9part du Mont C\u00e9sar au niveau du parking de Creusaz &nbsp; &#8211; rendez-vous avec Fr\u00e9d\u00e9ric &#8211; d\u00e9pose d&rsquo;une palette \u00e0 Maupas &#8211; personne s&rsquo;occupant du th\u00e9\u00e2tre absente (\u00e0 voir la prochaine fois) &nbsp; Boucle panoramique &#8211; d\u00e9broussaillage, \u00e9lagage, coupe de branches, nettoyage de d\u00e9tritus, coupe d&rsquo;un <a class=\"continue\" href=\"https:\/\/louvionnets.fr\/blog\/?p=2619\">[Continue]<\/a><\/p>\n","protected":false},"author":1,"featured_media":0,"comment_status":"closed","ping_status":"open","sticky":false,"template":"","format":"standard","meta":{"footnotes":""},"categories":[1],"tags":[],"class_list":["post-2619","post","type-post","status-publish","format-standard","hentry","category-non-classe"],"_links":{"self":[{"href":"https:\/\/louvionnets.fr\/blog\/index.php?rest_route=\/wp\/v2\/posts\/2619","targetHints":{"allow":["GET"]}}],"collection":[{"href":"https:\/\/louvionnets.fr\/blog\/index.php?rest_route=\/wp\/v2\/posts"}],"about":[{"href":"https:\/\/louvionnets.fr\/blog\/index.php?rest_route=\/wp\/v2\/types\/post"}],"author":[{"embeddable":true,"href":"https:\/\/louvionnets.fr\/blog\/index.php?rest_route=\/wp\/v2\/users\/1"}],"replies":[{"embeddable":true,"href":"https:\/\/louvionnets.fr\/blog\/index.php?rest_route=%2Fwp%2Fv2%2Fcomments&post=2619"}],"version-history":[{"count":1,"href":"https:\/\/louvionnets.fr\/blog\/index.php?rest_route=\/wp\/v2\/posts\/2619\/revisions"}],"predecessor-version":[{"id":2620,"href":"https:\/\/louvionnets.fr\/blog\/index.php?rest_route=\/wp\/v2\/posts\/2619\/revisions\/2620"}],"wp:attachment":[{"href":"https:\/\/louvionnets.fr\/blog\/index.php?rest_route=%2Fwp%2Fv2%2Fmedia&parent=2619"}],"wp:term":[{"taxonomy":"category","embeddable":true,"href":"https:\/\/louvionnets.fr\/blog\/index.php?rest_route=%2Fwp%2Fv2%2Fcategories&post=2619"},{"taxonomy":"post_tag","embeddable":true,"href":"https:\/\/louvionnets.fr\/blog\/index.php?rest_route=%2Fwp%2Fv2%2Ftags&post=2619"}],"curies":[{"name":"wp","href":"https:\/\/api.w.org\/{rel}","templated":true}]}}