{"id":2530,"date":"2015-04-27T18:15:06","date_gmt":"2015-04-27T18:15:06","guid":{"rendered":"http:\/\/louvionnets.fr\/blog\/?p=2530"},"modified":"2015-04-27T18:25:41","modified_gmt":"2015-04-27T18:25:41","slug":"lundi-27-avril","status":"publish","type":"post","link":"https:\/\/louvionnets.fr\/blog\/?p=2530","title":{"rendered":"Lundi 27 avril"},"content":{"rendered":"<p>Boucle des vignes<\/p>\n<p>&#8211; d\u00e9montage des plaques et mise en place des nouvelle plaques \u00e0 la Tr\u00e9buch\u00e8re + mise en place du picto pays d&rsquo;Evian \u00e0 son emplacement<br \/>\n&#8211; discussion avec le propri\u00e9taire par rapport aux plaques cass\u00e9es \u00e0 la Tr\u00e9buch\u00e8re<br \/>\n&#8211; d\u00e9montage des plaques et mise en place des nouvelles plaques \u00e0 la Combaz + mise en place du picto pays d&rsquo;Evian \u00e0 son emplacement et fl\u00e8che double, Gr Pays<br \/>\n&#8211; d\u00e9montage des plaques et mise en place des nouvelles plaques au Parking du Larry + mise en place du picto pays d&rsquo;Evian \u00e0 son emplacement<\/p>\n<p>&nbsp;<\/p>\n<p>Boucle du Ch\u00e2teau<\/p>\n<p>&#8211; d\u00e9montage des plaques et mise en place des nouvelles plaques au Ch\u00e2teau de Larringe + mise en place du picto pays d&rsquo;Evian \u00e0 son emplacement et deux fl\u00e8ches simples<br \/>\n&#8211; d\u00e9montage des plaques et mise en place des nouvelles plaques \u00e0 la Grangette + mise en place du picto pays d&rsquo;Evian \u00e0 son emplacement et une fl\u00e8che simple + panorama, table de lecture<\/p>\n<p>&nbsp;<\/p>\n<p>Vergers et ch\u00e2taigniers<\/p>\n<p>&#8211; v\u00e9rification du sentier en-dessous de la mairie de Maxilly (arbre \u00e0 tron\u00e7onner a \u00e9t\u00e9 enlev\u00e9)<\/p>\n<p>&nbsp;<\/p>\n<p>De chalets en alpages<\/p>\n<p>&#8211; reprise de l&rsquo;assise compl\u00e8tement affaiss\u00e9e au Maupas<br \/>\n&#8211; mise en place de palettes en bois pour \u00e9viter la partie boueuse au Maupas<\/p>\n<p>&nbsp;<\/p>\n<p>&#8211; mise de gasoil dans v\u00e9hicule<br \/>\n&#8211; r\u00e9cup\u00e9ration de t\u00f4le ondul\u00e9e puis d\u00e9pose \u00e0 la d\u00e9chetterie<br \/>\n&#8211; prise de contact et mise au point avec Mr Monnin pour le droit de passage sur propri\u00e9t\u00e9 priv\u00e9e apr\u00e8s la Beunaz<\/p>\n<p>&#8211; nettoyage et rangement des outils<\/p>\n<p>&nbsp;<\/p>\n<p>B\u00e9n\u00e9volat : 1 heure<\/p>\n<p>&nbsp;<\/p>\n","protected":false},"excerpt":{"rendered":"<p>Boucle des vignes &#8211; d\u00e9montage des plaques et mise en place des nouvelle plaques \u00e0 la Tr\u00e9buch\u00e8re + mise en place du picto pays d&rsquo;Evian \u00e0 son emplacement &#8211; discussion avec le propri\u00e9taire par rapport aux plaques cass\u00e9es \u00e0 la Tr\u00e9buch\u00e8re &#8211; d\u00e9montage des plaques et mise en place des nouvelles plaques \u00e0 la Combaz <a class=\"continue\" href=\"https:\/\/louvionnets.fr\/blog\/?p=2530\">[Continue]<\/a><\/p>\n","protected":false},"author":1,"featured_media":0,"comment_status":"closed","ping_status":"open","sticky":false,"template":"","format":"standard","meta":{"footnotes":""},"categories":[1],"tags":[],"class_list":["post-2530","post","type-post","status-publish","format-standard","hentry","category-non-classe"],"_links":{"self":[{"href":"https:\/\/louvionnets.fr\/blog\/index.php?rest_route=\/wp\/v2\/posts\/2530","targetHints":{"allow":["GET"]}}],"collection":[{"href":"https:\/\/louvionnets.fr\/blog\/index.php?rest_route=\/wp\/v2\/posts"}],"about":[{"href":"https:\/\/louvionnets.fr\/blog\/index.php?rest_route=\/wp\/v2\/types\/post"}],"author":[{"embeddable":true,"href":"https:\/\/louvionnets.fr\/blog\/index.php?rest_route=\/wp\/v2\/users\/1"}],"replies":[{"embeddable":true,"href":"https:\/\/louvionnets.fr\/blog\/index.php?rest_route=%2Fwp%2Fv2%2Fcomments&post=2530"}],"version-history":[{"count":3,"href":"https:\/\/louvionnets.fr\/blog\/index.php?rest_route=\/wp\/v2\/posts\/2530\/revisions"}],"predecessor-version":[{"id":2533,"href":"https:\/\/louvionnets.fr\/blog\/index.php?rest_route=\/wp\/v2\/posts\/2530\/revisions\/2533"}],"wp:attachment":[{"href":"https:\/\/louvionnets.fr\/blog\/index.php?rest_route=%2Fwp%2Fv2%2Fmedia&parent=2530"}],"wp:term":[{"taxonomy":"category","embeddable":true,"href":"https:\/\/louvionnets.fr\/blog\/index.php?rest_route=%2Fwp%2Fv2%2Fcategories&post=2530"},{"taxonomy":"post_tag","embeddable":true,"href":"https:\/\/louvionnets.fr\/blog\/index.php?rest_route=%2Fwp%2Fv2%2Ftags&post=2530"}],"curies":[{"name":"wp","href":"https:\/\/api.w.org\/{rel}","templated":true}]}}