{"id":2490,"date":"2015-04-03T15:50:09","date_gmt":"2015-04-03T15:50:09","guid":{"rendered":"http:\/\/louvionnets.fr\/blog\/?p=2490"},"modified":"2015-04-03T16:15:43","modified_gmt":"2015-04-03T16:15:43","slug":"jeudi-2-avril-2","status":"publish","type":"post","link":"https:\/\/louvionnets.fr\/blog\/?p=2490","title":{"rendered":"Jeudi 2 avril"},"content":{"rendered":"<p>&#8211; rendez-vous avec Armand \u00e0 l&rsquo;atelier pour r\u00e9cup\u00e9rer le transpalette et installer le syst\u00e8me permettant de rentrer les palettes<br \/>\n&#8211; rangement atelier en attendant le livreur<br \/>\n&#8211; livraison par G\u00e9dimat du b\u00e9ton et divers mat\u00e9riaux<br \/>\n&#8211; chargement du transpalette et des cales en bois dans v\u00e9hicule puis d\u00e9pose des cales chez Armand et du transpalette chez la personne nous l&rsquo;ayant g\u00e9n\u00e9reusement pr\u00eat\u00e9<br \/>\n&#8211; retour chez Armand pour mise au point<\/p>\n<p>&nbsp;<\/p>\n<p>Aux alentours de Saint Paul<\/p>\n<p>&#8211; v\u00e9rification compl\u00e8te de la boucle<br \/>\n&#8211; v\u00e9rification au niveau du poteau Lac de la Beunaz du signalement d&rsquo;un arbre couch\u00e9 et d&rsquo;un drain \u00e0 reprendre (ayant d\u00e9j\u00e0 \u00e9t\u00e9 fait par la commune aucune intervention n&rsquo;a \u00e9t\u00e9 n\u00e9cessaire)<br \/>\n&#8211; coupe de quelques branchages entre Chez Bochet et le Chant du bois<br \/>\n&#8211; \u00e9vacuation de branchages au niveau du Bois du Fayet<\/p>\n<p>&nbsp;<\/p>\n<p>Tour du Mont B\u00e9nand<\/p>\n<p>&#8211; v\u00e9rification entre la Chapelle de la Beunaz et le Songeon<br \/>\n&#8211; coupe d&rsquo;un arbre entre les Faverges et Bernex<\/p>\n","protected":false},"excerpt":{"rendered":"<p>&#8211; rendez-vous avec Armand \u00e0 l&rsquo;atelier pour r\u00e9cup\u00e9rer le transpalette et installer le syst\u00e8me permettant de rentrer les palettes &#8211; rangement atelier en attendant le livreur &#8211; livraison par G\u00e9dimat du b\u00e9ton et divers mat\u00e9riaux &#8211; chargement du transpalette et des cales en bois dans v\u00e9hicule puis d\u00e9pose des cales chez Armand et du transpalette <a class=\"continue\" href=\"https:\/\/louvionnets.fr\/blog\/?p=2490\">[Continue]<\/a><\/p>\n","protected":false},"author":1,"featured_media":0,"comment_status":"closed","ping_status":"open","sticky":false,"template":"","format":"standard","meta":{"footnotes":""},"categories":[2],"tags":[],"class_list":["post-2490","post","type-post","status-publish","format-standard","hentry","category-blogroll"],"_links":{"self":[{"href":"https:\/\/louvionnets.fr\/blog\/index.php?rest_route=\/wp\/v2\/posts\/2490","targetHints":{"allow":["GET"]}}],"collection":[{"href":"https:\/\/louvionnets.fr\/blog\/index.php?rest_route=\/wp\/v2\/posts"}],"about":[{"href":"https:\/\/louvionnets.fr\/blog\/index.php?rest_route=\/wp\/v2\/types\/post"}],"author":[{"embeddable":true,"href":"https:\/\/louvionnets.fr\/blog\/index.php?rest_route=\/wp\/v2\/users\/1"}],"replies":[{"embeddable":true,"href":"https:\/\/louvionnets.fr\/blog\/index.php?rest_route=%2Fwp%2Fv2%2Fcomments&post=2490"}],"version-history":[{"count":2,"href":"https:\/\/louvionnets.fr\/blog\/index.php?rest_route=\/wp\/v2\/posts\/2490\/revisions"}],"predecessor-version":[{"id":2492,"href":"https:\/\/louvionnets.fr\/blog\/index.php?rest_route=\/wp\/v2\/posts\/2490\/revisions\/2492"}],"wp:attachment":[{"href":"https:\/\/louvionnets.fr\/blog\/index.php?rest_route=%2Fwp%2Fv2%2Fmedia&parent=2490"}],"wp:term":[{"taxonomy":"category","embeddable":true,"href":"https:\/\/louvionnets.fr\/blog\/index.php?rest_route=%2Fwp%2Fv2%2Fcategories&post=2490"},{"taxonomy":"post_tag","embeddable":true,"href":"https:\/\/louvionnets.fr\/blog\/index.php?rest_route=%2Fwp%2Fv2%2Ftags&post=2490"}],"curies":[{"name":"wp","href":"https:\/\/api.w.org\/{rel}","templated":true}]}}