{"id":2379,"date":"2014-10-08T17:46:34","date_gmt":"2014-10-08T16:46:34","guid":{"rendered":"http:\/\/prccevian.free.fr\/?p=2379"},"modified":"2014-10-08T17:46:34","modified_gmt":"2014-10-08T16:46:34","slug":"mercredi-9-octobre","status":"publish","type":"post","link":"https:\/\/louvionnets.fr\/blog\/?p=2379","title":{"rendered":"Mercredi 9 octobre"},"content":{"rendered":"<p>Tour du Mont C\u00e9sar :<\/p>\n<p>&#8211; balisage peinture du retour, de Lain jusqu&rsquo;\u00e0 Thollon Chef Lieu<br \/>\n&#8211; redressement du poteau pench\u00e9 Thollon (928 m)<br \/>\n&#8211; redressement de la pancarte m\u00e9tallique Thollon Chef Lieu<\/p>\n<p>Thollon les M\u00e9mises :<\/p>\n<p>&#8211; changement de face sur poteau pour picto indiquant l&rsquo;observatoire des oiseaux <\/p>\n<p>Hameaux de Lugrin :<\/p>\n<p>&#8211; cr\u00e9ation de deux drains entre chez les Servoz et V\u00e9ron<br \/>\n&#8211; redressement de deux balises pench\u00e9es entre chez les Servoz et V\u00e9ron<br \/>\n&#8211; nettoyage de graffitis sur deux balises entre Chez les Servoz et V\u00e9ron<br \/>\n&#8211; changement de deux pictos fl\u00e8che simple et GR pays sur une balise entre Chez les Servoz et V\u00e9ron<br \/>\n&#8211; redressement du poteau V\u00e9ron (480 m)<\/p>\n<p>Lugrin :<\/p>\n<p>&#8211; remplacement d&rsquo;un picto double fl\u00e8che rivet\u00e9 par un support urbain au niveau du c\u00e9der le passage Rue de V\u00e9ron<br \/>\n&#8211; redressement du poteau de Chez Busset et d\u00e9collage d&rsquo;un autocollant Savoie libre<br \/>\n&#8211; d\u00e9collage d&rsquo;un autocollant Savoie libre sur la balise avant le poteau de Chez Busset<br \/>\n&#8211; remplacement d&rsquo;un picto double fl\u00e8che rivet\u00e9 par un support urbain rue de la Vieille Eglise<br \/>\n&#8211; remplacement d&rsquo;un picto double fl\u00e8che rivet\u00e9 par un support urbain chemin de Presles<br \/>\n&#8211; coupe de ronces et branchages \u00e0 Presles<\/p>\n<p>Maxilly :<\/p>\n<p>&#8211; coupe de branchages dans le parc \u00e0 la Croix Moury au niveau d&rsquo;un luminaire pour pouvoir voir les pictos<br \/>\n&#8211; modification de face sur balise de deux pictos fl\u00e8che simple au niveau de l&rsquo;avenue de V\u00e9lagny<br \/>\n&#8211; remplacement de deux pictos double fl\u00e8che et de deux pictos simple fl\u00e9che rivet\u00e9s par un support urbain un peu avant le garage Citro\u00ebn<br \/>\n&#8211; d\u00e9broussaillage du sentier de l&rsquo;avenue de V\u00e9lagny direction le stade de football<br \/>\n&#8211; d\u00e9broussaillage du sentier au-dessus de Chez les Laurent<\/p>\n<p>Boucle du Ch\u00e2teau :<\/p>\n<p>&#8211; v\u00e9rification compl\u00e8te de la boucle<br \/>\n&#8211; redressement de la pancarte m\u00e9tallique Ch\u00e2teau de Larringe (798 m)<br \/>\n&#8211; redressement d&rsquo;une balise pench\u00e9e entre les Taill\u00e9es et Chez les Laurent<br \/>\n&#8211; changement de deux pictos fl\u00e9che simple sur balise au Gremey<\/p>\n<p>information Boucle du Ch\u00e2teau :<\/p>\n<p>&#8211; poteau Gremey cass\u00e9<br \/>\n&#8211; poteau \u00e0 redresser Chez Chevallay<br \/>\n&#8211; poteau du Maravant (870 m) \u00e0 resceller<br \/>\n&#8211; il faudra d\u00e9vier un petit cours d&rsquo;eau qui se jette dans le chemin a la fin du parcours sant\u00e9 (le remettre comme il \u00e9tait a l&rsquo;origine)<\/p>\n<p>information Thollon M\u00e9mises :<\/p>\n<p> v\u00e9rifier s&rsquo;i il reste des pictos indiquant l&rsquo;observatoire des oiseaux tourne \u00e0 droite car celui la indique la bonne direction mais la lettre H et \u00e0 l&rsquo;envers <\/p>\n<p>Travail sur une commande de mobilier \u00e0 remplacer. B\u00e9n\u00e9volat : 2 heures<\/p>\n","protected":false},"excerpt":{"rendered":"<p>Tour du Mont C\u00e9sar : &#8211; balisage peinture du retour, de Lain jusqu&rsquo;\u00e0 Thollon Chef Lieu &#8211; redressement du poteau pench\u00e9 Thollon (928 m) &#8211; redressement de la pancarte m\u00e9tallique Thollon Chef Lieu Thollon les M\u00e9mises : &#8211; changement de face sur poteau pour picto indiquant l&rsquo;observatoire des oiseaux Hameaux de Lugrin : &#8211; cr\u00e9ation <a class=\"continue\" href=\"https:\/\/louvionnets.fr\/blog\/?p=2379\">[Continue]<\/a><\/p>\n","protected":false},"author":1,"featured_media":0,"comment_status":"open","ping_status":"open","sticky":false,"template":"","format":"standard","meta":{"footnotes":""},"categories":[2],"tags":[],"class_list":["post-2379","post","type-post","status-publish","format-standard","hentry","category-blogroll"],"_links":{"self":[{"href":"https:\/\/louvionnets.fr\/blog\/index.php?rest_route=\/wp\/v2\/posts\/2379","targetHints":{"allow":["GET"]}}],"collection":[{"href":"https:\/\/louvionnets.fr\/blog\/index.php?rest_route=\/wp\/v2\/posts"}],"about":[{"href":"https:\/\/louvionnets.fr\/blog\/index.php?rest_route=\/wp\/v2\/types\/post"}],"author":[{"embeddable":true,"href":"https:\/\/louvionnets.fr\/blog\/index.php?rest_route=\/wp\/v2\/users\/1"}],"replies":[{"embeddable":true,"href":"https:\/\/louvionnets.fr\/blog\/index.php?rest_route=%2Fwp%2Fv2%2Fcomments&post=2379"}],"version-history":[{"count":0,"href":"https:\/\/louvionnets.fr\/blog\/index.php?rest_route=\/wp\/v2\/posts\/2379\/revisions"}],"wp:attachment":[{"href":"https:\/\/louvionnets.fr\/blog\/index.php?rest_route=%2Fwp%2Fv2%2Fmedia&parent=2379"}],"wp:term":[{"taxonomy":"category","embeddable":true,"href":"https:\/\/louvionnets.fr\/blog\/index.php?rest_route=%2Fwp%2Fv2%2Fcategories&post=2379"},{"taxonomy":"post_tag","embeddable":true,"href":"https:\/\/louvionnets.fr\/blog\/index.php?rest_route=%2Fwp%2Fv2%2Ftags&post=2379"}],"curies":[{"name":"wp","href":"https:\/\/api.w.org\/{rel}","templated":true}]}}