{"id":203,"date":"2008-05-02T20:08:41","date_gmt":"2008-05-02T19:08:41","guid":{"rendered":"http:\/\/prccevian.free.fr\/?p=203"},"modified":"2008-05-02T20:08:41","modified_gmt":"2008-05-02T19:08:41","slug":"vendredi-2-mai","status":"publish","type":"post","link":"https:\/\/louvionnets.fr\/blog\/?p=203","title":{"rendered":"vendredi 2 mai"},"content":{"rendered":"<p style=\"margin-bottom: 0cm;\">Visite \u00e0 la communaut\u00e9 de communes pour d\u00e9poser<\/p>\n<p style=\"margin-bottom: 0cm;\">les documents concernant les boucles des Vignes et des Carriers. Mme Blache se chargera de les envoyer aux communes pour avis.<\/p>\n<p style=\"margin-bottom: 0cm;\">\n<p style=\"margin-bottom: 0cm;\">A Novel : montage du pont. En absence de groupe \u00e9lectrog\u00e8ne nous n\u2019avons pu le fixer mais son poids important ainsi que le calage avec des cailloux contre les gros rochers lat\u00e9raux devraient l\u2019emp\u00eacher de bouger. (Voir photos jointes)<\/p>\n<p style=\"margin-bottom: 0cm;\">\n<p><img decoding=\"async\" class=\"alignnone\" src=\"http:\/\/prccevian.free.fr\/wp-content\/pontdenovel1.jpg\" alt=\"\" \/><\/p>\n<p><img decoding=\"async\" class=\"alignnone\" src=\"http:\/\/prccevian.free.fr\/wp-content\/pontdenovel2.jpg\" alt=\"\" \/><\/p>\n<p style=\"margin-bottom: 0cm;\">Visite au magasin Bally \u00e0 Evian pour acheter du petit mat\u00e9riel de d\u00e9broussaillage<\/p>\n<p style=\"margin-bottom: 0cm;\">\n<p style=\"margin-bottom: 0cm;\">La boucle des vignes \u00e0 Marin : reprise de l\u2019assise du chemin \u00e0 r\u00e9ouvrir (largeur 60 cm) et renforcement aval par des rondins de bois et piquets coup\u00e9s sur place.<\/p>\n<p style=\"margin-bottom: 0cm;\">Il reste une dizaine de marche \u00e0 r\u00e9aliser dans une petite mont\u00e9e un peu rapide : nous avons d\u00e9j\u00e0 ,en partie, d\u00e9bit\u00e9 le bois sur place.<\/p>\n<p style=\"margin-bottom: 0cm;\">Ce chemin ne n\u00e9cessite pas un gros travail d\u2019entretien car il est tr\u00e8s sableux et facile \u00e0 r\u00e9parer : il suffit d\u2019y passer au moins 2 fois par an surtout apr\u00e8s l\u2019hiver.<\/p>\n","protected":false},"excerpt":{"rendered":"<p>Visite \u00e0 la communaut\u00e9 de communes pour d\u00e9poser les documents concernant les boucles des Vignes et des Carriers. Mme Blache se chargera de les envoyer aux communes pour avis. A Novel : montage du pont. En absence de groupe \u00e9lectrog\u00e8ne nous n\u2019avons pu le fixer mais son poids important ainsi que le calage avec des <a class=\"continue\" href=\"https:\/\/louvionnets.fr\/blog\/?p=203\">[Continue]<\/a><\/p>\n","protected":false},"author":1,"featured_media":0,"comment_status":"open","ping_status":"open","sticky":false,"template":"","format":"standard","meta":{"footnotes":""},"categories":[2],"tags":[],"class_list":["post-203","post","type-post","status-publish","format-standard","hentry","category-blogroll"],"_links":{"self":[{"href":"https:\/\/louvionnets.fr\/blog\/index.php?rest_route=\/wp\/v2\/posts\/203","targetHints":{"allow":["GET"]}}],"collection":[{"href":"https:\/\/louvionnets.fr\/blog\/index.php?rest_route=\/wp\/v2\/posts"}],"about":[{"href":"https:\/\/louvionnets.fr\/blog\/index.php?rest_route=\/wp\/v2\/types\/post"}],"author":[{"embeddable":true,"href":"https:\/\/louvionnets.fr\/blog\/index.php?rest_route=\/wp\/v2\/users\/1"}],"replies":[{"embeddable":true,"href":"https:\/\/louvionnets.fr\/blog\/index.php?rest_route=%2Fwp%2Fv2%2Fcomments&post=203"}],"version-history":[{"count":0,"href":"https:\/\/louvionnets.fr\/blog\/index.php?rest_route=\/wp\/v2\/posts\/203\/revisions"}],"wp:attachment":[{"href":"https:\/\/louvionnets.fr\/blog\/index.php?rest_route=%2Fwp%2Fv2%2Fmedia&parent=203"}],"wp:term":[{"taxonomy":"category","embeddable":true,"href":"https:\/\/louvionnets.fr\/blog\/index.php?rest_route=%2Fwp%2Fv2%2Fcategories&post=203"},{"taxonomy":"post_tag","embeddable":true,"href":"https:\/\/louvionnets.fr\/blog\/index.php?rest_route=%2Fwp%2Fv2%2Ftags&post=203"}],"curies":[{"name":"wp","href":"https:\/\/api.w.org\/{rel}","templated":true}]}}