{"id":185,"date":"2008-03-29T09:20:16","date_gmt":"2008-03-29T08:20:16","guid":{"rendered":"http:\/\/prccevian.free.fr\/?p=185"},"modified":"2008-03-29T09:20:16","modified_gmt":"2008-03-29T08:20:16","slug":"samedi-29-mars","status":"publish","type":"post","link":"https:\/\/louvionnets.fr\/blog\/?p=185","title":{"rendered":"samedi 29 mars"},"content":{"rendered":"<p>Participation \u00e0 l&rsquo;Assembl\u00e9e G\u00e9n\u00e9rale du Comit\u00e9 D\u00e9partemental de la Randonn\u00e9e P\u00e9destre \u00e0 Sallanches.<\/p>\n<p style=\"margin-bottom: 0cm\">Chemin du littoral \u00e0 Marin: R\u00e9cup\u00e9ration de l\u2019ancien mobilier d\u00e9pos\u00e9 le jour pr\u00e9c\u00e9dent<\/p>\n<p style=\"margin-bottom: 0cm\">La boucle des Vergers et ch\u00e2taigniers \u00e0 Maxilly\u00a0: Balisage en bleu de cette promenade<\/p>\n<p style=\"margin-bottom: 0cm\"><font color=\"#ff0000\">Une toute petite partie de la boucle n\u2019a pas \u00e9t\u00e9 balis\u00e9e\u00a0: (Au dessus du hameau de Cr\u00e9tal lorqu\u2019on tourne \u00e0 gauche dans un chemin traversant une petite for\u00eat, jouxtant deux propri\u00e9t\u00e9s priv\u00e9es, nous amenant sur la route qui rejoint la RN5). Ce chemin est priv\u00e9 et l\u2019un des propri\u00e9taires s\u2019oppose au passage de la boucle sur son terrain. La solution, pour r\u00e9soudre ce probl\u00e8me, serait de faire passer la boucle \u00e0 l\u2019int\u00e9rieur du hameau de Cr\u00e9tal puis de rejoindre, un peu plus bas le trac\u00e9 normal ce qui nous ferait zapper le chemin priv\u00e9 qui ne fait que 150 m environ.<\/font><\/p>\n<p style=\"margin-bottom: 0cm\">Au local\u00a0: montage de poteaux sur leur ferrure, pose de pictos  et finition des plans destin\u00e9s aux communes<\/p>\n<p style=\"margin-bottom: 0cm\">\n","protected":false},"excerpt":{"rendered":"<p>Participation \u00e0 l&rsquo;Assembl\u00e9e G\u00e9n\u00e9rale du Comit\u00e9 D\u00e9partemental de la Randonn\u00e9e P\u00e9destre \u00e0 Sallanches. Chemin du littoral \u00e0 Marin: R\u00e9cup\u00e9ration de l\u2019ancien mobilier d\u00e9pos\u00e9 le jour pr\u00e9c\u00e9dent La boucle des Vergers et ch\u00e2taigniers \u00e0 Maxilly\u00a0: Balisage en bleu de cette promenade Une toute petite partie de la boucle n\u2019a pas \u00e9t\u00e9 balis\u00e9e\u00a0: (Au dessus du hameau <a class=\"continue\" href=\"https:\/\/louvionnets.fr\/blog\/?p=185\">[Continue]<\/a><\/p>\n","protected":false},"author":1,"featured_media":0,"comment_status":"open","ping_status":"open","sticky":false,"template":"","format":"standard","meta":{"footnotes":""},"categories":[2],"tags":[],"class_list":["post-185","post","type-post","status-publish","format-standard","hentry","category-blogroll"],"_links":{"self":[{"href":"https:\/\/louvionnets.fr\/blog\/index.php?rest_route=\/wp\/v2\/posts\/185","targetHints":{"allow":["GET"]}}],"collection":[{"href":"https:\/\/louvionnets.fr\/blog\/index.php?rest_route=\/wp\/v2\/posts"}],"about":[{"href":"https:\/\/louvionnets.fr\/blog\/index.php?rest_route=\/wp\/v2\/types\/post"}],"author":[{"embeddable":true,"href":"https:\/\/louvionnets.fr\/blog\/index.php?rest_route=\/wp\/v2\/users\/1"}],"replies":[{"embeddable":true,"href":"https:\/\/louvionnets.fr\/blog\/index.php?rest_route=%2Fwp%2Fv2%2Fcomments&post=185"}],"version-history":[{"count":0,"href":"https:\/\/louvionnets.fr\/blog\/index.php?rest_route=\/wp\/v2\/posts\/185\/revisions"}],"wp:attachment":[{"href":"https:\/\/louvionnets.fr\/blog\/index.php?rest_route=%2Fwp%2Fv2%2Fmedia&parent=185"}],"wp:term":[{"taxonomy":"category","embeddable":true,"href":"https:\/\/louvionnets.fr\/blog\/index.php?rest_route=%2Fwp%2Fv2%2Fcategories&post=185"},{"taxonomy":"post_tag","embeddable":true,"href":"https:\/\/louvionnets.fr\/blog\/index.php?rest_route=%2Fwp%2Fv2%2Ftags&post=185"}],"curies":[{"name":"wp","href":"https:\/\/api.w.org\/{rel}","templated":true}]}}