{"id":178,"date":"2008-03-15T20:16:32","date_gmt":"2008-03-15T19:16:32","guid":{"rendered":"http:\/\/prccevian.free.fr\/?p=178"},"modified":"2008-03-15T20:16:32","modified_gmt":"2008-03-15T19:16:32","slug":"samedi-15-mars","status":"publish","type":"post","link":"https:\/\/louvionnets.fr\/blog\/?p=178","title":{"rendered":"samedi 15 mars"},"content":{"rendered":"<p style=\"margin-bottom: 0cm\">1 . La boucle des Tilleuls et de la Pierre \u00e0 Cupules (Egalement boucle du Maravand) :  repose des 2 balises manquantes sur les ferrures rest\u00e9es en place<\/p>\n<p style=\"margin-bottom: 0cm\">&nbsp;<\/p>\n<p style=\"margin-bottom: 0cm\">2 . Dans le bois du Maravant non loin du coll\u00e8ge de Saint Paul : repose de la borne enlev\u00e9e<\/p>\n<p style=\"margin-bottom: 0cm\">&nbsp;<\/p>\n<p style=\"margin-bottom: 0cm\">3 . Visite \u00e0 la mairie de Saint Paul pour discuter de l\u2019implantation de la balise devant la Mairie et l\u00e0 la secr\u00e9taire nous a conseill\u00e9 de contacter le futur nouveau Maire d\u00e8s son \u00e9lection.<\/p>\n<p style=\"margin-bottom: 0cm\">&nbsp;<\/p>\n<p style=\"margin-bottom: 0cm\">3 . La boucle du Mont BENAND: pose d\u2019un picto manquant, d\u00e9branchage et prise de photos de tout le mobilier de balisage<\/p>\n<p style=\"margin-bottom: 0cm\">&nbsp;<\/p>\n<p style=\"margin-bottom: 0cm\">4 . La boucle de Saint Paul : pose d\u2019un picto sur un arbre pour aider \u00e0 l\u2019orientation, non loin d\u2019une balise<\/p>\n<p style=\"margin-bottom: 0cm\">&nbsp;<\/p>\n<p style=\"margin-bottom: 0cm\">5 . Chemin du littoral : &#8211; au niveau du r\u00e9servoir de Montigny rescellement, au dessus du mur, de la balise arrach\u00e9e par le d\u00e9bardage des bois. \u2013 au dessus de Veron rescellement de la balise sortie de son trou par des secoueurs de balises (finition selon style local \u2013 voir photo)<\/p>\n<p style=\"margin-bottom: 0cm\">&nbsp;<\/p>\n<p style=\"margin-bottom: 0cm\"><a href=\"http:\/\/prccevian.free.fr\/wp-content\/s6300127.JPG\" title=\"balise couleur locale\"><img decoding=\"async\" src=\"http:\/\/prccevian.free.fr\/wp-content\/s6300127.thumbnail.JPG\" alt=\"balise couleur locale\" \/><\/a><\/p>\n","protected":false},"excerpt":{"rendered":"<p>1 . La boucle des Tilleuls et de la Pierre \u00e0 Cupules (Egalement boucle du Maravand) : repose des 2 balises manquantes sur les ferrures rest\u00e9es en place &nbsp; 2 . Dans le bois du Maravant non loin du coll\u00e8ge de Saint Paul : repose de la borne enlev\u00e9e &nbsp; 3 . Visite \u00e0 la <a class=\"continue\" href=\"https:\/\/louvionnets.fr\/blog\/?p=178\">[Continue]<\/a><\/p>\n","protected":false},"author":1,"featured_media":0,"comment_status":"open","ping_status":"open","sticky":false,"template":"","format":"standard","meta":{"footnotes":""},"categories":[2],"tags":[],"class_list":["post-178","post","type-post","status-publish","format-standard","hentry","category-blogroll"],"_links":{"self":[{"href":"https:\/\/louvionnets.fr\/blog\/index.php?rest_route=\/wp\/v2\/posts\/178","targetHints":{"allow":["GET"]}}],"collection":[{"href":"https:\/\/louvionnets.fr\/blog\/index.php?rest_route=\/wp\/v2\/posts"}],"about":[{"href":"https:\/\/louvionnets.fr\/blog\/index.php?rest_route=\/wp\/v2\/types\/post"}],"author":[{"embeddable":true,"href":"https:\/\/louvionnets.fr\/blog\/index.php?rest_route=\/wp\/v2\/users\/1"}],"replies":[{"embeddable":true,"href":"https:\/\/louvionnets.fr\/blog\/index.php?rest_route=%2Fwp%2Fv2%2Fcomments&post=178"}],"version-history":[{"count":0,"href":"https:\/\/louvionnets.fr\/blog\/index.php?rest_route=\/wp\/v2\/posts\/178\/revisions"}],"wp:attachment":[{"href":"https:\/\/louvionnets.fr\/blog\/index.php?rest_route=%2Fwp%2Fv2%2Fmedia&parent=178"}],"wp:term":[{"taxonomy":"category","embeddable":true,"href":"https:\/\/louvionnets.fr\/blog\/index.php?rest_route=%2Fwp%2Fv2%2Fcategories&post=178"},{"taxonomy":"post_tag","embeddable":true,"href":"https:\/\/louvionnets.fr\/blog\/index.php?rest_route=%2Fwp%2Fv2%2Ftags&post=178"}],"curies":[{"name":"wp","href":"https:\/\/api.w.org\/{rel}","templated":true}]}}