{"id":163,"date":"2008-02-22T16:44:09","date_gmt":"2008-02-22T15:44:09","guid":{"rendered":"http:\/\/prccevian.free.fr\/?p=163"},"modified":"2008-02-22T16:44:09","modified_gmt":"2008-02-22T15:44:09","slug":"semaine-du-18-au-22-fevrier","status":"publish","type":"post","link":"https:\/\/louvionnets.fr\/blog\/?p=163","title":{"rendered":"semaine du 18 au 22 f\u00e9vrier"},"content":{"rendered":"<p>Contact avec les Mairies afin d&rsquo;avoir leur accord pour baliser \u00e0 la peinture les itin\u00e9raires d\u00e9crits dans le \u00ab\u00a0Destination Pays d&rsquo;Evian\u00a0\u00bb<\/p>\n<p>Signature de la convention 2008 avec la CC du pays d&rsquo;Evian<\/p>\n<p>Contact avec nos homologues Suisses dans la perspective du balisage de 2 des itin\u00e9raires du \u00ab\u00a0Destination Pays d&rsquo;Evian\u00a0\u00bb qui franchissent la fronti\u00e8re et pour envisager une collaboration plus active.<\/p>\n<p>Commande des derniers panneaux manquants pour mettre \u00e0 jour le balisage sur les itin\u00e9raires du pays de Gavot<\/p>\n<p>D\u00e9marches administratives pour modifier la boucle des Vignes sur la commune de Marin suite \u00e0 l&rsquo;\u00e9boulement du chemin en bord de Dranse.<\/p>\n<p>D\u00e9marches aupr\u00e8s de la SED et du CG pour valider les plans de balisages modifi\u00e9s sur la boucle des vignes et la boucle des carriers.<\/p>\n<p>Elaboration de \u00ab\u00a0pictogrammes\u00a0\u00bb qui seront propos\u00e9s aux mairies pour cr\u00e9er le lien entre les fiches \u00ab\u00a0Destination pays d&rsquo;Evian\u00a0\u00bb et le balisage peinture\/autocollants sur le terrain.<\/p>\n","protected":false},"excerpt":{"rendered":"<p>Contact avec les Mairies afin d&rsquo;avoir leur accord pour baliser \u00e0 la peinture les itin\u00e9raires d\u00e9crits dans le \u00ab\u00a0Destination Pays d&rsquo;Evian\u00a0\u00bb Signature de la convention 2008 avec la CC du pays d&rsquo;Evian Contact avec nos homologues Suisses dans la perspective du balisage de 2 des itin\u00e9raires du \u00ab\u00a0Destination Pays d&rsquo;Evian\u00a0\u00bb qui franchissent la fronti\u00e8re et <a class=\"continue\" href=\"https:\/\/louvionnets.fr\/blog\/?p=163\">[Continue]<\/a><\/p>\n","protected":false},"author":1,"featured_media":0,"comment_status":"open","ping_status":"open","sticky":false,"template":"","format":"standard","meta":{"footnotes":""},"categories":[2],"tags":[],"class_list":["post-163","post","type-post","status-publish","format-standard","hentry","category-blogroll"],"_links":{"self":[{"href":"https:\/\/louvionnets.fr\/blog\/index.php?rest_route=\/wp\/v2\/posts\/163","targetHints":{"allow":["GET"]}}],"collection":[{"href":"https:\/\/louvionnets.fr\/blog\/index.php?rest_route=\/wp\/v2\/posts"}],"about":[{"href":"https:\/\/louvionnets.fr\/blog\/index.php?rest_route=\/wp\/v2\/types\/post"}],"author":[{"embeddable":true,"href":"https:\/\/louvionnets.fr\/blog\/index.php?rest_route=\/wp\/v2\/users\/1"}],"replies":[{"embeddable":true,"href":"https:\/\/louvionnets.fr\/blog\/index.php?rest_route=%2Fwp%2Fv2%2Fcomments&post=163"}],"version-history":[{"count":0,"href":"https:\/\/louvionnets.fr\/blog\/index.php?rest_route=\/wp\/v2\/posts\/163\/revisions"}],"wp:attachment":[{"href":"https:\/\/louvionnets.fr\/blog\/index.php?rest_route=%2Fwp%2Fv2%2Fmedia&parent=163"}],"wp:term":[{"taxonomy":"category","embeddable":true,"href":"https:\/\/louvionnets.fr\/blog\/index.php?rest_route=%2Fwp%2Fv2%2Fcategories&post=163"},{"taxonomy":"post_tag","embeddable":true,"href":"https:\/\/louvionnets.fr\/blog\/index.php?rest_route=%2Fwp%2Fv2%2Ftags&post=163"}],"curies":[{"name":"wp","href":"https:\/\/api.w.org\/{rel}","templated":true}]}}