{"id":140,"date":"2007-12-12T14:09:44","date_gmt":"2007-12-12T13:09:44","guid":{"rendered":"http:\/\/prccevian.free.fr\/?p=140"},"modified":"2007-12-12T14:09:44","modified_gmt":"2007-12-12T13:09:44","slug":"lundi-10-decembre","status":"publish","type":"post","link":"https:\/\/louvionnets.fr\/blog\/?p=140","title":{"rendered":"Lundi 10 d\u00e9cembre"},"content":{"rendered":"<ul>\n<li>\n<p style=\"margin-bottom: 0cm\"><font color=\"#ff0000\"><em><u><strong>099-01<\/strong><\/u><\/em><\/font> \t   Nous commen\u00e7ons la journ\u00e9e par un examen \tadministratif du <strong>GR5<\/strong> sur sa portion <strong>D32<\/strong> sur <strong>Chevenoz<\/strong> \t\u2013 <strong>Bioge<\/strong> sur <strong>F\u00e9ternes<\/strong>. En fin de journ\u00e9e, \tnous aurons compl\u00e8tement remis en \u00e9tat ce parcours <font color=\"#ff0000\">\u00e0 \tl\u2019exception de la plaque manquante du poteau de Vers Les Granges \tque nous attendons du SED selon <\/font><font color=\"#ff0000\"><em><u><strong>071-02. \t<\/strong><\/u><\/em><\/font><\/p>\n<\/li>\n<li>\n<p style=\"margin-bottom: 0cm\"><em><u><strong>099-02<\/strong><\/u><\/em>     \t<strong>B26 \u2013 Alt 869m. <\/strong>Cette balise invitant \u00e0 prendre le \tchemin communal qui descend sur M\u00e9rou depuis la D121 \u00e9tait \tbouscul\u00e9e selon <em><u><strong>098-\u00a0??<\/strong><\/u><\/em>, nous la \tscellons contre un tr\u00e8s gros rocher.<\/p>\n<\/li>\n<li>\n<p style=\"margin-bottom: 0cm\"><em><u><strong>099-03<\/strong><\/u><\/em>    <strong> \tP25 \u2013 Vinzier. Alt. 885m<\/strong>. Apr\u00e8s avoir pass\u00e9, en \tdirection des Clouz, ce poteau situ\u00e9 pr\u00e8s d\u2019un arr\u00eat \tde bus<strong>, <\/strong>nous collons sur un poteau EDF en b\u00e9ton les \tdeux pictogrammes r\u00e9glementaires pour un rappel de \tcontinuit\u00e9.<\/p>\n<\/li>\n<li>\n<p style=\"margin-bottom: 0cm\"><em><u><strong>099-04<\/strong><\/u><\/em><strong>    \tB24 \u2013 Alt. 895m.<\/strong> Apr\u00e8s avoir pass\u00e9 cette balise \tqui interdit une route partant sur la droite en allant sur les \tClouz, nous collons sur un poteau EDF en b\u00e9ton les deux \tpictogrammes r\u00e9glementaires pour un rappel de continuit\u00e9.<\/p>\n<\/li>\n<li>\n<p style=\"margin-bottom: 0cm\"><em><u><strong>099-05<\/strong><\/u><\/em><strong>    \tB23 \u2013 Alt. 898m. <\/strong>Nous arrivons au carrefour principal des \tClouz et posons pr\u00e8s d\u2019un poteau EDF, sur un muret, une \tbalise \u00e0 la place de celle qui avait disparu selon <em><u><strong>098-\u00a0??<\/strong><\/u><\/em>.<\/p>\n<\/li>\n<li>\n<p style=\"margin-bottom: 0cm\"><em><u><strong>099-06<\/strong><\/u><\/em><strong>    \tB22 \u2013 Alt. 898m. <\/strong>Au m\u00eame carrefour, nous posons cette \tbalise n\u00e9cessaire du fait que le parcours  qui se poursuit \taccuse un d\u00e9crochement d\u2019une quinzaine de m\u00e8tres.<\/p>\n<\/li>\n<li>\n<p style=\"margin-bottom: 0cm\"><em><u><strong>099-07<\/strong><\/u><\/em><strong>    <\/strong> \tApr\u00e8s avoir pass\u00e9 cette balise et en allant dans la \tdirection de <strong>Bioge<\/strong>, \u00e0 proximit\u00e9 d\u2019une \tconcentration de propri\u00e9t\u00e9s avec de nombreuses voies \td\u2019acc\u00e8s, nous collons sur un poteau EDF en b\u00e9ton les \tdeux pictogrammes r\u00e9glementaires pour un rappel de \tcontinuit\u00e9.<\/p>\n<\/li>\n<li>\n<p style=\"margin-bottom: 0cm\"><em><u><strong>099-08<\/strong><\/u><\/em><strong>    \tP21 \u2013 Les Clouz. Alt. 898m. <\/strong>Selon les remarques signalant la \tmauvaise orientation du poteau <em><u><strong>097-03<\/strong><\/u><\/em> \u00e9quip\u00e9 \td\u2019une seule plaque et la redondance de la balise situ\u00e9e \u00e0 \tquelques m\u00e8tres <em><u><strong>097-04<\/strong><\/u><\/em> de ce dernier, \tnous pla\u00e7ons le poteau concern\u00e9 en lieu et place de la \tbalise, laquelle est supprim\u00e9e. L\u2019orientation du parcours \test maintenant clairement indiqu\u00e9e pour les deux sens.<\/p>\n<\/li>\n<li>\n<p style=\"margin-bottom: 0cm\"><em><u><strong>099-09<\/strong><\/u><\/em><strong>    \tB19 \u2013 Alt. 887. <\/strong>Selon <em><u><strong>097-06<\/strong><\/u><\/em>, nous posons \tpr\u00e8s de la croix monumentale une nouvelle balise pour \tinterdire le chemin communal partant sur la gauche lorsque que l\u2019on \tdescend en direction de <strong>Bioge<\/strong>.<\/p>\n<\/li>\n<li>\n<p style=\"margin-bottom: 0cm\"><em><u><strong>099-10<\/strong><\/u><\/em>    <strong>P13 \t\u2013 La Plantaz &#8211; Alt 774m. <\/strong>Selon <em><u><strong>097-13<\/strong><\/u><\/em>, \tnous nettoyons les tags sur ce poteau.<\/p>\n<\/li>\n<\/ul>\n","protected":false},"excerpt":{"rendered":"<p>099-01 Nous commen\u00e7ons la journ\u00e9e par un examen administratif du GR5 sur sa portion D32 sur Chevenoz \u2013 Bioge sur F\u00e9ternes. En fin de journ\u00e9e, nous aurons compl\u00e8tement remis en \u00e9tat ce parcours \u00e0 l\u2019exception de la plaque manquante du poteau de Vers Les Granges que nous attendons du SED selon 071-02. 099-02 B26 \u2013 <a class=\"continue\" href=\"https:\/\/louvionnets.fr\/blog\/?p=140\">[Continue]<\/a><\/p>\n","protected":false},"author":1,"featured_media":0,"comment_status":"open","ping_status":"open","sticky":false,"template":"","format":"standard","meta":{"footnotes":""},"categories":[2],"tags":[],"class_list":["post-140","post","type-post","status-publish","format-standard","hentry","category-blogroll"],"_links":{"self":[{"href":"https:\/\/louvionnets.fr\/blog\/index.php?rest_route=\/wp\/v2\/posts\/140","targetHints":{"allow":["GET"]}}],"collection":[{"href":"https:\/\/louvionnets.fr\/blog\/index.php?rest_route=\/wp\/v2\/posts"}],"about":[{"href":"https:\/\/louvionnets.fr\/blog\/index.php?rest_route=\/wp\/v2\/types\/post"}],"author":[{"embeddable":true,"href":"https:\/\/louvionnets.fr\/blog\/index.php?rest_route=\/wp\/v2\/users\/1"}],"replies":[{"embeddable":true,"href":"https:\/\/louvionnets.fr\/blog\/index.php?rest_route=%2Fwp%2Fv2%2Fcomments&post=140"}],"version-history":[{"count":0,"href":"https:\/\/louvionnets.fr\/blog\/index.php?rest_route=\/wp\/v2\/posts\/140\/revisions"}],"wp:attachment":[{"href":"https:\/\/louvionnets.fr\/blog\/index.php?rest_route=%2Fwp%2Fv2%2Fmedia&parent=140"}],"wp:term":[{"taxonomy":"category","embeddable":true,"href":"https:\/\/louvionnets.fr\/blog\/index.php?rest_route=%2Fwp%2Fv2%2Fcategories&post=140"},{"taxonomy":"post_tag","embeddable":true,"href":"https:\/\/louvionnets.fr\/blog\/index.php?rest_route=%2Fwp%2Fv2%2Ftags&post=140"}],"curies":[{"name":"wp","href":"https:\/\/api.w.org\/{rel}","templated":true}]}}