{"id":139,"date":"2007-12-12T14:08:13","date_gmt":"2007-12-12T13:08:13","guid":{"rendered":"http:\/\/prccevian.free.fr\/?p=139"},"modified":"2007-12-12T14:08:13","modified_gmt":"2007-12-12T13:08:13","slug":"vendredi-7-decembre","status":"publish","type":"post","link":"https:\/\/louvionnets.fr\/blog\/?p=139","title":{"rendered":"vendredi 7 d\u00e9cembre"},"content":{"rendered":"<ul>\n<li>\n<p style=\"margin-bottom: 0cm\"><font size=\"2\"><em><u><strong>098-01<\/strong><\/u><\/em><\/font><font size=\"2\"><strong> \t <\/strong><\/font><font size=\"2\">Ce matin nous finissons le contr\u00f4le \tet le classement des 125 plaques du <\/font><font size=\"2\"><strong>Littoral \tdu L\u00e9man<\/strong><\/font><font size=\"2\"> r\u00e9cemment re\u00e7ues. \tSuite \u00e0 ce contr\u00f4le une erreur est \u00e0 signaler \tsur les deux seules plaques du poteau <\/font><font size=\"2\"><strong>P6 <\/strong><\/font><font size=\"2\">&#8211; \t<\/font><font size=\"2\"><strong>Lajoux <\/strong><\/font><font size=\"2\">sur la commune \tde <\/font><font size=\"2\"><strong>Meillerie<\/strong><\/font><font size=\"2\">. En \teffet la direction  <\/font><font size=\"2\"><strong>Thollon (station)<\/strong><\/font><font size=\"2\">  \t\u00e9tant inscrite sur la mauvaise plaque le randonneur serait \tdans la confusion<\/font><\/p>\n<\/li>\n<\/ul>\n<p style=\"margin-bottom: 0cm\">&nbsp;<\/p>\n<p style=\"margin-bottom: 0cm\"><font size=\"2\"><strong>Inspection du GR5. Portion : depuis la D32 sur la commune de Chevenoz jusqu\u2019\u00e0 la D22 \u00e0 Bioge.<\/strong><\/font><\/p>\n<p style=\"margin-bottom: 0cm\"><font size=\"2\"><strong>\t<\/strong><\/font><\/p>\n<ul>\n<li>\n<p style=\"margin-bottom: 0cm\"><font size=\"2\"><em><u><strong>098-02<\/strong><\/u><\/em><\/font><font size=\"2\"><strong> \t B3 \u2013 Alt. 570m. <\/strong><\/font><font size=\"2\">Selon <\/font><font size=\"2\"><em><u><strong>097-25<\/strong><\/u><\/em><\/font><font size=\"2\"> \tet a<\/font><font size=\"2\">pr\u00e8s avoir m\u00e9thodiquement \trang\u00e9 ces plaques par itin\u00e9raires de communes nous \tnous rendons \u00e0 <\/font><font size=\"2\"><strong>Bioge<\/strong><\/font><font size=\"2\"> \tposer cette balise afin d\u2019interdire un sentier peu trac\u00e9 en \tbas des lacets juste avant d&rsquo;arriver sur la <\/font><font size=\"2\"><strong>D22<\/strong><\/font><font size=\"2\"> \t\u00e0 <\/font><font size=\"2\"><strong>Bioge<\/strong><\/font><font size=\"2\">.<\/font><\/p>\n<\/li>\n<li>\n<p style=\"margin-bottom: 0cm\"><font size=\"2\"><em><u><strong>098-03<\/strong><\/u><\/em><\/font><font size=\"2\"> \t  <\/font><font size=\"2\"><strong>B12 \u2013 Alt. 760m. <\/strong><\/font><font size=\"2\">Selon \t<\/font><font size=\"2\"><em><u><strong>097-14<\/strong><\/u><\/em><\/font><font size=\"2\">. \tNous nous rendons \u00e0 la <\/font><font size=\"2\"><strong>Plantaz<\/strong><\/font><font size=\"2\"> \tpour re-sceller cette balise qui avait \u00e9t\u00e9 vandalis\u00e9e.<\/font><\/p>\n<\/li>\n<li>\n<p style=\"margin-bottom: 0cm\"><font size=\"2\"><em><u><strong>098-<\/strong><\/u><\/em><\/font><font size=\"2\"><em><u><strong>04<\/strong><\/u><\/em><\/font><font size=\"2\"><strong> \t  P13 \u2013 La Plantaz. Alt. 774m.<\/strong><\/font><font size=\"2\"> Selon \t<\/font><font size=\"2\"><em><u><strong>097-13<\/strong><\/u><\/em><\/font><font size=\"2\">. \tnous effa\u00e7ons les graphitis sur les plaques de ce poteau. <\/font><\/p>\n<\/li>\n<li>\n<p style=\"margin-bottom: 0cm\"><font size=\"2\"><em><u><strong>098-<\/strong><\/u><\/em><\/font><font size=\"2\"><em><u><strong>05<\/strong><\/u><\/em><\/font><font size=\"2\"><strong> \t   B15 \u2013 Alt. 790m. <\/strong><\/font><font size=\"2\">Nous<\/font><font size=\"2\"><strong> \t<\/strong><\/font><font size=\"2\">re-scellons cette balise qui avait \u00e9t\u00e9 \tvandalis\u00e9e.<\/font><\/p>\n<\/li>\n<li>\n<p style=\"margin-bottom: 0cm\"><font size=\"2\"><em><u><strong>098-06<\/strong><\/u><\/em><\/font><font size=\"2\"> \t   <\/font><font size=\"2\"><strong>P21 \u2013 Les Clouz. Alt. 798m. <\/strong><\/font><font size=\"2\">Nous \tpartons depuis ce poteau via <\/font><font size=\"2\"><strong>Vinzier<\/strong><\/font><font size=\"2\"> \tpour terminer l&rsquo;inspection du <\/font><font size=\"2\"><strong>GR5<\/strong><\/font><font size=\"2\"> \tjusqu&rsquo;\u00e0 la <\/font><font size=\"2\"><strong>D32<\/strong><\/font><font size=\"2\"> \tsur la commune de <\/font><font size=\"2\"><strong>Chevenoz<\/strong><\/font><font size=\"2\"> \tapr\u00e8s la travers\u00e9e de l\u2019<\/font><font size=\"2\"><strong>Ugine<\/strong><\/font><font size=\"2\">.<\/font><\/p>\n<\/li>\n<li>\n<p style=\"margin-bottom: 0cm\"><font color=\"#ff0000\"><font size=\"2\"><em><u><strong>098-<\/strong><\/u><\/em><\/font><\/font><font color=\"#ff0000\"><font size=\"2\"><em><u><strong>07<\/strong><\/u><\/em><\/font><\/font><font color=\"#ff0000\"><font size=\"2\"><strong> \t   B22 \u2013 Alt. 798m. <\/strong><\/font><\/font><font color=\"#ff0000\"><font size=\"2\">Nous \tsomme aux <\/font><\/font><font color=\"#ff0000\"><font size=\"2\"><strong>Clouz<\/strong><\/font><\/font><font color=\"#ff0000\"><font size=\"2\"> \tau carrefour principal o\u00f9 cette balise fait d\u00e9faut.<\/font><\/font><\/p>\n<\/li>\n<li>\n<p style=\"margin-bottom: 0cm\"><font color=\"#ff0000\"><font size=\"2\"><em><u><strong>098-<\/strong><\/u><\/em><\/font><\/font><font color=\"#ff0000\"><font size=\"2\"><em><u><strong>08<\/strong><\/u><\/em><\/font><\/font><font color=\"#ff0000\"><font size=\"2\"><strong> \t   B23 \u2013 Alt. 798m. <\/strong><\/font><\/font><font color=\"#ff0000\"><font size=\"2\">Au \tm\u00eame carrefour, dont la voie emprunt\u00e9e par le <\/font><\/font><font color=\"#ff0000\"><font size=\"2\"><strong>GR5<\/strong><\/font><\/font><font color=\"#ff0000\"><font size=\"2\"> \taccuse un d\u00e9crochement, de cette balise qui a disparu ne \tsubsiste qu\u2019un trou \u00e0 proximit\u00e9 d\u2019un poteau PTT et \td\u2019un ancien poteau SED.<\/font><\/font><\/p>\n<\/li>\n<li>\n<p style=\"margin-bottom: 0cm\"><font size=\"2\"><em><u><strong>098-09<\/strong><\/u><\/em><\/font><font size=\"2\"><strong> \t   <\/strong><\/font><font size=\"2\"><strong>B24 \u2013 Alt. 895m.<\/strong><\/font><font size=\"2\"> \tCette balise est situ\u00e9e \u00e0 <\/font><font size=\"2\"><strong>Th\u00e9ry<\/strong><\/font><font size=\"2\">. \tA cot\u00e9 de celle-ci nous trouvons un poteau de l&rsquo;ancien \tbalisage \u00e0 la signal\u00e9tique utile et qui restera donc \ten place.<\/font><\/p>\n<\/li>\n<li>\n<p style=\"margin-bottom: 0cm\"><font size=\"2\"><em><u><strong>098-10<\/strong><\/u><\/em><\/font><font size=\"2\"> \t   <\/font><font size=\"2\"><strong>P25 \u2013 Vinzier. Alt. 869m. <\/strong><\/font><font size=\"2\">RAS \tpour ce poteau qui se trouve \u00e0 un carrefour donnant sur la \t<\/font><font size=\"2\"><strong>D121<\/strong><\/font><font size=\"2\">, pr\u00e8s \td\u2019un oratoire et d\u2019un arr\u00eat de bus.<\/font><\/p>\n<\/li>\n<li>\n<p style=\"margin-bottom: 0cm\"><font color=\"#ff0000\"><font size=\"2\"><em><u><strong>098-11<\/strong><\/u><\/em><\/font><\/font><font color=\"#ff0000\"><font size=\"2\"><em><strong> \t   <\/strong><\/em><\/font><\/font><font color=\"#ff0000\"><font size=\"2\"><strong>B26<\/strong><\/font><\/font><font color=\"#ff0000\"><font size=\"2\"> \t\u2013 <\/font><\/font><font color=\"#ff0000\"><font size=\"2\"><strong>Alt. 869m.<\/strong><\/font><\/font><font color=\"#ff0000\"><font size=\"2\"> \tNous quittons la <\/font><\/font><font color=\"#ff0000\"><font size=\"2\"><strong>D121<\/strong><\/font><\/font><font color=\"#ff0000\"><font size=\"2\"> \tpour descendre sur un chemin communal rejoignant <\/font><\/font><font color=\"#ff0000\"><font size=\"2\"><strong>M\u00e9rou<\/strong><\/font><\/font><font color=\"#ff0000\"><font size=\"2\">. \tCette balise sera \u00e0 re-sceller<\/font><\/font><font size=\"2\">.<\/font><\/p>\n<\/li>\n<li>\n<p style=\"margin-bottom: 0cm\"><font size=\"2\"><em><u><strong>098-12<\/strong><\/u><\/em><\/font><font size=\"2\"><strong> \t   B27 \u2013  <\/strong><\/font><font size=\"2\">Nous arrivons plus bas dans le \tvillage de <\/font><font size=\"2\"><strong>M\u00e9rou<\/strong><\/font><font size=\"2\"> \tet trouvons cette balise pr\u00e8s de l&rsquo;ancien balisage toujours \ten place. <\/font><font size=\"2\"><strong>\t<\/strong><\/font><\/p>\n<\/li>\n<li>\n<p style=\"margin-bottom: 0cm\"><font size=\"2\"><em><u><strong>098-13<\/strong><\/u><\/em><\/font><font size=\"2\"><strong> \t   B28 &#8211; <\/strong><\/font><font size=\"2\">Nous trouvons cette balise apr\u00e8s \tavoir travers\u00e9 la <\/font><font size=\"2\"><strong>D121<\/strong><\/font><font size=\"2\"> \tet descendu une piste goudronn\u00e9e jusqu\u2019\u00e0 l\u2019ancienne \td\u00e9charge des lieux et en laissant sur la droite une autre \tlarge piste qui se perd plus bas.<\/font><\/p>\n<\/li>\n<li>\n<p style=\"margin-bottom: 0cm\"><font size=\"2\"><em><u><strong>098-14<\/strong><\/u><\/em><\/font><font size=\"2\"> \t   Le chemin descend jusqu\u2019au tr\u00e8s beau torrent de l\u2019<\/font><font size=\"2\"><strong>Ugine<\/strong><\/font><font size=\"2\"> \tqu\u2019il traverse, pr\u00e8s des ruines d\u2019un ancien moulin, par \tun confortable pont m\u00e9tallique zingu\u00e9.<\/font><\/p>\n<\/li>\n<li>\n<p style=\"margin-bottom: 0cm\"><font color=\"#ff0000\"><font size=\"2\"><em><u><strong>098-15<\/strong><\/u><\/em><\/font><\/font><font color=\"#ff0000\"><font size=\"2\"> \t   Le chemin, parfois fortement creus\u00e9 par les \u00e9coulements, \tremonte dans les bois pour  traverser la <\/font><\/font><font color=\"#ff0000\"><font size=\"2\"><strong>D32<\/strong><\/font><\/font><font color=\"#ff0000\"><font size=\"2\"> \tsitu\u00e9e sur la commune de <\/font><\/font><font color=\"#ff0000\"><font size=\"2\"><strong>Chevenoz<\/strong><\/font><\/font><font color=\"#ff0000\"><font size=\"2\">. \tDepuis le pont pr\u00e9c\u00e9dent, le balisage qui est en \tpr\u00e9vision d\u2019installation est inexistant.<\/font><\/font><\/p>\n<\/li>\n<\/ul>\n<p>Voici le trac\u00e9 et le balisage sur le GR 5 entre Bioge et le pont sur l&rsquo;Ugine, une fois notre mission termin\u00e9e<\/p>\n<p align=\"center\">\u00a0<a href=\"http:\/\/prccevian.free.fr\/wp-content\/gr5-feternes-vinzier.jpg\" title=\"GR 5 sur F\u00e9ternes et Vinzier\"><img decoding=\"async\" src=\"http:\/\/prccevian.free.fr\/wp-content\/gr5-feternes-vinzier.thumbnail.jpg\" alt=\"GR 5 sur F\u00e9ternes et Vinzier\" \/><\/a><\/p>\n","protected":false},"excerpt":{"rendered":"<p>098-01 Ce matin nous finissons le contr\u00f4le et le classement des 125 plaques du Littoral du L\u00e9man r\u00e9cemment re\u00e7ues. Suite \u00e0 ce contr\u00f4le une erreur est \u00e0 signaler sur les deux seules plaques du poteau P6 &#8211; Lajoux sur la commune de Meillerie. En effet la direction Thollon (station) \u00e9tant inscrite sur la mauvaise plaque <a class=\"continue\" href=\"https:\/\/louvionnets.fr\/blog\/?p=139\">[Continue]<\/a><\/p>\n","protected":false},"author":1,"featured_media":0,"comment_status":"open","ping_status":"open","sticky":false,"template":"","format":"standard","meta":{"footnotes":""},"categories":[2],"tags":[],"class_list":["post-139","post","type-post","status-publish","format-standard","hentry","category-blogroll"],"_links":{"self":[{"href":"https:\/\/louvionnets.fr\/blog\/index.php?rest_route=\/wp\/v2\/posts\/139","targetHints":{"allow":["GET"]}}],"collection":[{"href":"https:\/\/louvionnets.fr\/blog\/index.php?rest_route=\/wp\/v2\/posts"}],"about":[{"href":"https:\/\/louvionnets.fr\/blog\/index.php?rest_route=\/wp\/v2\/types\/post"}],"author":[{"embeddable":true,"href":"https:\/\/louvionnets.fr\/blog\/index.php?rest_route=\/wp\/v2\/users\/1"}],"replies":[{"embeddable":true,"href":"https:\/\/louvionnets.fr\/blog\/index.php?rest_route=%2Fwp%2Fv2%2Fcomments&post=139"}],"version-history":[{"count":0,"href":"https:\/\/louvionnets.fr\/blog\/index.php?rest_route=\/wp\/v2\/posts\/139\/revisions"}],"wp:attachment":[{"href":"https:\/\/louvionnets.fr\/blog\/index.php?rest_route=%2Fwp%2Fv2%2Fmedia&parent=139"}],"wp:term":[{"taxonomy":"category","embeddable":true,"href":"https:\/\/louvionnets.fr\/blog\/index.php?rest_route=%2Fwp%2Fv2%2Fcategories&post=139"},{"taxonomy":"post_tag","embeddable":true,"href":"https:\/\/louvionnets.fr\/blog\/index.php?rest_route=%2Fwp%2Fv2%2Ftags&post=139"}],"curies":[{"name":"wp","href":"https:\/\/api.w.org\/{rel}","templated":true}]}}