{"id":137,"date":"2007-12-04T20:05:44","date_gmt":"2007-12-04T19:05:44","guid":{"rendered":"http:\/\/prccevian.free.fr\/?p=137"},"modified":"2007-12-04T20:05:44","modified_gmt":"2007-12-04T19:05:44","slug":"lundi-3-decembre","status":"publish","type":"post","link":"https:\/\/louvionnets.fr\/blog\/?p=137","title":{"rendered":"lundi 3 d\u00e9cembre"},"content":{"rendered":"<ul>\n<li>\n<p style=\"margin-bottom: 0cm\"><em><u><strong>096-01<\/strong><\/u><\/em>    La \tpremi\u00e8re partie de la journ\u00e9e se d\u00e9roule au \tlocal o\u00f9 nous proc\u00e9dons \u00e0 quelques \tam\u00e9nagements.<\/p>\n<\/li>\n<li>\n<p style=\"margin-bottom: 0cm\"><em><u><strong>096-02<\/strong><\/u><\/em>    \tNous renfor\u00e7ons tous les supports m\u00e9talliques sur la \tquinzaine de balises r\u00e9cup\u00e9r\u00e9es en rempla\u00e7ant \tles tirefonds existants par des vis po\u00ealiers traversantes.<\/p>\n<\/li>\n<li>\n<p style=\"margin-bottom: 0cm\"><em><u><strong>096-03<\/strong><\/u><\/em>    \tNous posons contre la paroi du local un grand tableau d\u2019affichage \tde 180cm de haut par 200cm de large.<\/p>\n<\/li>\n<\/ul>\n<p style=\"margin-bottom: 0cm\">\n<p style=\"margin-bottom: 0cm\"><em><u><strong>Boucle du Maravant<\/strong><\/u><\/em><\/p>\n<p style=\"margin-bottom: 0cm\">\n<ul>\n<li>\n<p style=\"margin-bottom: 0cm\"><em><u><strong>096-04<\/strong><\/u><\/em>    \tNous proc\u00e9dons au d\u00e9montage de tous les poteaux mod\u00e8le \tancien balisage\u00a0 r\u00e9cup\u00e9r\u00e9s. Les poteaux en \tbois seront conserv\u00e9s en vue d\u2019une \u00e9ventuelle \tutilisation. Toutes les plaques m\u00e9talliques signal\u00e9tiques \tsont rassembl\u00e9es et stock\u00e9es.<\/p>\n<\/li>\n<li>\n<p style=\"margin-bottom: 0cm\"><em><u><strong>096-05<\/strong><\/u><\/em><strong>    \tB41 (57B 005 02). <\/strong>Pour faire suite \u00e0 la requ\u00eate \td\u2019un riverain, nous privil\u00e9gions l\u2019esth\u00e9tique \u00e0 \tl\u2019efficace en d\u00e9pla\u00e7ant de quelques m\u00e8tres \tcette balise que nous avions pos\u00e9e (selon <em><u><strong>094-08<\/strong><\/u><\/em>) \t\u00e0 proximit\u00e9 de l\u2019oratoire situ\u00e9 sur la route \tvenant du <strong>stade de Larringes<\/strong> et allant en direction de \t<strong>l\u2019\u00e9glise de Champanges.<\/strong><\/p>\n<\/li>\n<li>\n<p style=\"margin-bottom: 0cm\"><em><u><strong>096-06<\/strong><\/u><\/em><strong>    \tP45 (57M 001 02). La Gerbaz. Alt .750m. <\/strong>Ce poteau, situ\u00e9 \tpr\u00e8s de l\u2019<strong>oratoire de la Gerbaz<\/strong>, est mal orient\u00e9 \tet dirige les randonneurs sur la route goudronn\u00e9e dans une \tmauvaise direction, directement sur <strong>Champanges<\/strong> sans passer \tpar le <strong>stade de Larringes<\/strong>. Nous d\u00e9terrons ce poteau \tpour le faire pivoter de 45 degr\u00e9s puis nous le scellons de \tnouveau au mortier. Nous rempla\u00e7ons les deux maigres vis de \tce poteau par trois boulons po\u00ealier traversants<\/p>\n<\/li>\n<li>\n<p style=\"margin-bottom: 0cm\"><em><u><strong>096-07<\/strong><\/u><\/em><strong>    \tP49 (57M 011 02). Oratoire St Urbain \u2013 Alt. 720m. <\/strong>Nous \trempla\u00e7ons les deux maigres vis de ce poteau par trois \tboulons po\u00ealier traversants. Nous scions et \u00e9vacuons \tl\u2019ancien poteau situ\u00e9 \u00e0 c\u00f4t\u00e9.<\/p>\n<\/li>\n<\/ul>\n<p style=\"margin-bottom: 0cm\">\n<p style=\"margin-bottom: 0cm\"><em><u><strong>Boucle de Larringes<\/strong><\/u><\/em><\/p>\n<p style=\"margin-bottom: 0cm\">\n<ul>\n<li>\n<p style=\"margin-bottom: 0cm\"><em><u><strong>096-08<\/strong><\/u><\/em><strong>    \t<\/strong><font color=\"#ff0000\"><strong>P1<\/strong><\/font><font color=\"#ff0000\"> \u2013 \t<\/font><font color=\"#ff0000\"><strong>Larringes \u2013 Alt. 797m<\/strong><\/font><font color=\"#ff0000\">. \tNous d\u00e9montons de son support ce poteau qui a \u00e9t\u00e9 \tarrach\u00e9 par la voirie sur la <\/font><font color=\"#ff0000\"><strong>D32<\/strong><\/font><font color=\"#ff0000\">. \tLe support tr\u00e8s lourdement scell\u00e9 est laiss\u00e9 \tsur place. Un giratoire va \u00eatre prochainement construit \u00e0 \tcet endroit, nous attendrons donc la fin des travaux pour remettre \tce poteau \u00e0 l\u2019endroit le plus appropri\u00e9. Nous le \trapportons au local.<\/font><\/p>\n<\/li>\n<\/ul>\n","protected":false},"excerpt":{"rendered":"<p>096-01 La premi\u00e8re partie de la journ\u00e9e se d\u00e9roule au local o\u00f9 nous proc\u00e9dons \u00e0 quelques am\u00e9nagements. 096-02 Nous renfor\u00e7ons tous les supports m\u00e9talliques sur la quinzaine de balises r\u00e9cup\u00e9r\u00e9es en rempla\u00e7ant les tirefonds existants par des vis po\u00ealiers traversantes. 096-03 Nous posons contre la paroi du local un grand tableau d\u2019affichage de 180cm de <a class=\"continue\" href=\"https:\/\/louvionnets.fr\/blog\/?p=137\">[Continue]<\/a><\/p>\n","protected":false},"author":1,"featured_media":0,"comment_status":"open","ping_status":"open","sticky":false,"template":"","format":"standard","meta":{"footnotes":""},"categories":[2],"tags":[],"class_list":["post-137","post","type-post","status-publish","format-standard","hentry","category-blogroll"],"_links":{"self":[{"href":"https:\/\/louvionnets.fr\/blog\/index.php?rest_route=\/wp\/v2\/posts\/137","targetHints":{"allow":["GET"]}}],"collection":[{"href":"https:\/\/louvionnets.fr\/blog\/index.php?rest_route=\/wp\/v2\/posts"}],"about":[{"href":"https:\/\/louvionnets.fr\/blog\/index.php?rest_route=\/wp\/v2\/types\/post"}],"author":[{"embeddable":true,"href":"https:\/\/louvionnets.fr\/blog\/index.php?rest_route=\/wp\/v2\/users\/1"}],"replies":[{"embeddable":true,"href":"https:\/\/louvionnets.fr\/blog\/index.php?rest_route=%2Fwp%2Fv2%2Fcomments&post=137"}],"version-history":[{"count":0,"href":"https:\/\/louvionnets.fr\/blog\/index.php?rest_route=\/wp\/v2\/posts\/137\/revisions"}],"wp:attachment":[{"href":"https:\/\/louvionnets.fr\/blog\/index.php?rest_route=%2Fwp%2Fv2%2Fmedia&parent=137"}],"wp:term":[{"taxonomy":"category","embeddable":true,"href":"https:\/\/louvionnets.fr\/blog\/index.php?rest_route=%2Fwp%2Fv2%2Fcategories&post=137"},{"taxonomy":"post_tag","embeddable":true,"href":"https:\/\/louvionnets.fr\/blog\/index.php?rest_route=%2Fwp%2Fv2%2Ftags&post=137"}],"curies":[{"name":"wp","href":"https:\/\/api.w.org\/{rel}","templated":true}]}}