{"id":134,"date":"2007-11-30T07:26:49","date_gmt":"2007-11-30T06:26:49","guid":{"rendered":"http:\/\/prccevian.free.fr\/?p=134"},"modified":"2007-11-30T07:26:49","modified_gmt":"2007-11-30T06:26:49","slug":"mercredi-28-novembre","status":"publish","type":"post","link":"https:\/\/louvionnets.fr\/blog\/?p=134","title":{"rendered":"mercredi 28 novembre"},"content":{"rendered":"<ul>\n<li>\n<p style=\"margin-bottom: 0cm\"><em><u><strong>094-01<\/strong><\/u><\/em>    D\u00e9s \tle matin nous nous rendons \u00e0 l\u2019entrep\u00f4t de la commune \tde <strong>F\u00e9ternes<\/strong> pour r\u00e9cup\u00e9rer 15 balises et \ttrois poteaux qui n\u2019avaient pas \u00e9t\u00e9 pos\u00e9s sur \tla <strong>boucle du tilleul et de la pierre \u00e0 cupules, <\/strong>ce qui \texplique nos interrogations rapport\u00e9es dans les comptes \trendus N\u00b0<sup>s<\/sup> <em><u><strong>89 <\/strong><\/u><\/em><em><strong>&#8211; <\/strong><\/em><em><u><strong>90<\/strong><\/u><\/em><em><strong> \t&#8211; <\/strong><\/em><em><u><strong>91<\/strong><\/u><\/em><em><strong> &#8211; <\/strong><\/em><em><u><strong>92<\/strong><\/u><\/em>. \tDescription des trois poteaux concern\u00e9s\u00a0:<\/p>\n<\/li>\n<\/ul>\n<p style=\"margin-left: 2.5cm; margin-bottom: 0cm\"><strong>P44 (127M 051 02) \u2013 Alt. 665m.<\/strong><\/p>\n<p style=\"margin-left: 2.5cm; margin-bottom: 0cm\"><font color=\"#ff0000\"><strong>P\u00a0?? (127M\u00a0??? 02) \u2013 Alt 665m.<\/strong><\/font><font color=\"#ff0000\"> Selon toute \u00e9vidence, ce poteau est un doublon du <\/font><font color=\"#ff0000\"><strong>P44<\/strong><\/font><font color=\"#ff0000\"> avec triples intitul\u00e9s, identiques pour les deux poteaux \u00e0 la diff\u00e9rence d\u2019un seul\u00a0: <\/font><font color=\"#ff0000\"><strong>Les Fins Chaffards<\/strong><\/font><font color=\"#ff0000\"> \u00e0 50m pour <\/font><font color=\"#ff0000\"><strong>P44<\/strong><\/font><font color=\"#ff0000\"> et <\/font><font color=\"#ff0000\"><strong>Les Fins Chaffards<\/strong><\/font><font color=\"#ff0000\"> \u00e0 5mn pour le suppos\u00e9 doublon.<\/font><\/p>\n<p style=\"margin-left: 2.5cm; margin-bottom: 0cm\"><strong>P36 (127M 033 02) \u2013 Alt. 745m. Etang de March\u00e9<\/strong>.<\/p>\n<p style=\"margin-left: 2.5cm; margin-bottom: 0cm\">\n<p style=\"margin-bottom: 0cm\"><u><strong>Parcours col de Creusaz <\/strong><\/u><u>\u2013 <\/u><u><strong>Chez les Vesins<\/strong><\/u><\/p>\n<p style=\"margin-bottom: 0cm\">\n<ul>\n<li>\n<p style=\"margin-bottom: 0cm\"><em><u><strong>094-02<\/strong><\/u><\/em><strong>    \tB16 \u2013 Alt. 1095m. <\/strong>Nous nous rendons <strong>Chez les Vesins<\/strong> \tpour finaliser la remise en \u00e9tat du parcours reliant le <strong>col \tde Creusaz <\/strong>selon le compte rendu <em><u><strong>N\u00b0 87.<\/strong><\/u><\/em> \tSelon <em><u><strong>087-22<\/strong><\/u><\/em>\u00a0: nous scellons cette balise \tsur la portion de parcours passant par le bois de <strong>La Motte<\/strong> en \tdirection du <strong>col de Creusaz<\/strong>.<\/p>\n<\/li>\n<li>\n<p style=\"margin-bottom: 0cm\"><em><u><strong>094-03<\/strong><\/u><\/em>    \t<strong>Alt. 1095m. <\/strong>Selon <em><u><strong>087-23<\/strong><\/u><\/em>. Au m\u00eame \tendroit nous tron\u00e7onnons un arbre en \u00e9quilibre au \tdessus du chemin.<\/p>\n<\/li>\n<li>\n<p style=\"margin-bottom: 0cm\"><em><u><strong>094-05<\/strong><\/u><\/em><strong>    \tB16b &#8211; Alt. 1040.<\/strong> Nous posons \u00e0 cet endroit une nouvelle \tbalise pour interdire une large piste tr\u00e8s bien trac\u00e9e \tqui part \u00e0 gauche en traversant une p\u00e2ture pour \tp\u00e9n\u00e9trer dans le <strong>bois de la Corne<\/strong>.<\/p>\n<\/li>\n<li>\n<p style=\"margin-bottom: 0cm\"><em><u><strong>094-06<\/strong><\/u><\/em><strong>    \tB17 \u2013 Alt. 940m.<\/strong> Selon <em><u><strong>093-11\u00a0<\/strong><\/u><\/em>: nous \tscellons une nouvelle balise \u00e0 cet endroit, la pr\u00e9c\u00e9dente \tayant \u00e9t\u00e9 selon toute vraisemblance vandalis\u00e9e.<\/p>\n<\/li>\n<li>\n<p style=\"margin-bottom: 0cm\"><em><u><strong>094-07<\/strong><\/u><\/em><strong>    \tB18 \u2013 Alt. 925m. <\/strong>Selon <em><u><strong>087-16<\/strong><\/u><\/em>\u00a0: nous \tscellons cette balise se trouvant \u00e0 la sortie du village qui \tavait \u00e9t\u00e9 bouscul\u00e9e.<\/p>\n<\/li>\n<\/ul>\n<p style=\"margin-bottom: 0cm\">\n<p style=\"margin-bottom: 0cm\"><u><strong>Boucle du Maravant (Champanges) commun au Littoral L\u00e9man<\/strong><\/u><\/p>\n<p style=\"margin-bottom: 0cm\">\n<ul>\n<li>\n<p style=\"margin-bottom: 0cm\"><em><u><strong>094-08<\/strong><\/u><\/em><strong>    \tB41 \u2013 (57B 005 02). <\/strong>Selon <em><u><strong>092-10<\/strong><\/u><\/em>\u00a0: \tNous posons cette balise que nous n\u2019avions pas trouv\u00e9e, \tpr\u00e8s de l\u2019oratoire situ\u00e9 sur la route venant du \tstade de Larringes.<\/p>\n<\/li>\n<li>\n<p style=\"margin-bottom: 0cm\"><em><u><strong>094-09<\/strong><\/u><\/em><strong>    \t<\/strong>Nous prenons contact avec la mairie par l\u2019interm\u00e9diaire \tdu secr\u00e9taire qui nous a tr\u00e8s bien re\u00e7us et \u00e0 \tqui nous demandons quelques renseignements d\u2019ordre cadastral.<\/p>\n<\/li>\n<\/ul>\n<p style=\"margin-bottom: 0cm\">\n<p style=\"margin-bottom: 0cm\"><u><strong>Boucle du tilleul et de la pierre \u00e0 cupules (F\u00e9ternes)<\/strong><\/u><\/p>\n<p style=\"margin-bottom: 0cm\">\n<p style=\"margin-bottom: 0cm\">\n<ul>\n<li>\n<p style=\"margin-bottom: 0cm\"><em><u><strong>094-10<\/strong><\/u><\/em>    \tNous nous rendons sur la zone de la <strong>Gerbaz <\/strong>commune de \t<strong>F\u00e9ternes<\/strong> afin de solutionner certaines questions \tconcernant le balisage selon le dossier. Notre d\u00e9marche aura \t\u00e9t\u00e9 positive en nous permettant d\u2019\u00e9claircir \tla finalit\u00e9 du parcours tel que d\u00e9fini dans ce \tdossier.<\/p>\n<\/li>\n<li>\n<p style=\"margin-bottom: 0cm\"><em><u><strong>094-11<\/strong><\/u><\/em><strong>    \tB33 (127B 037 02).<\/strong> Selon <em><u><strong>091-24<\/strong><\/u><\/em>\u00a0: En \tvenant de <strong>Thi\u00e8ze<\/strong> et prenant la direction de la <strong>Gerbaz<\/strong>, \tcette balise est formellement situ\u00e9e au carrefour en Y de la \tpiste partant sur la droite en direction de <strong>Creuse<\/strong>. Elle \t\u00e9tait initialement pr\u00e9vue apr\u00e8s ce carrefour \tpour pr\u00e9venir les randonneurs venant de la <strong>Gerbaz<\/strong> de \tne pas prendre cette piste.<\/p>\n<\/li>\n<li>\n<p style=\"margin-bottom: 0cm\"><em><u><strong>094-12<\/strong><\/u><\/em><strong>    \tB33b (127B\u00a0??? 02). <\/strong>D\u00e9finie selon <em><u><strong>091-25<\/strong><\/u><\/em> \tcomme un doublon de la <strong>B33<\/strong>, elle \u00e9tait initialement \tpr\u00e9vue avant le carrefour pour pr\u00e9venir les \trandonneurs venant de <strong>Thi\u00e8ze<\/strong> de ne pas prendre la \tpiste allant sur <strong>Creuse<\/strong> et n\u2019a jamais \u00e9t\u00e9 \tpos\u00e9e. De par sa redondance il est logique de la retirer du \tdossier.<\/p>\n<\/li>\n<li>\n<p style=\"margin-bottom: 0cm\"><font color=\"#ff0000\"><em><u><strong>094-13<\/strong><\/u><\/em><\/font><font color=\"#ff0000\"> \t   <\/font><font color=\"#ff0000\"><strong>B31 (127B 034 02). <\/strong><\/font><font color=\"#ff0000\">Cette \tbalise qui n\u2019a pas \u00e9t\u00e9 pos\u00e9 devrait se \ttrouver afin de l\u2019interdire au niveau de la piste goudronn\u00e9e \tqui part sur la droite avant le pont routier du <\/font><font color=\"#ff0000\"><strong>Maravant<\/strong><\/font><font color=\"#ff0000\"> \ten direction de <\/font><font color=\"#ff0000\"><strong>l\u2019\u00e9tang de \tMarch\u00e9<\/strong><\/font><font color=\"#ff0000\">. A sa place on a pos\u00e9 \tle poteau <\/font><font color=\"#ff0000\"><strong>P38 (127M 036 02) \u2013 La \tGerbaz. Alt. 730m <\/strong><\/font><font color=\"#ff0000\">qui recommande au \tcontraire cette piste, ce qui fait que le parcours n\u2019est pas \trespect\u00e9. Cette balise r\u00e9glementaire sera pos\u00e9e \t\u00e0 la place de ce poteau mal positionn\u00e9. <\/font><\/p>\n<\/li>\n<li>\n<p style=\"margin-bottom: 0cm\"><font color=\"#ff0000\"><span lang=\"es-ES\"><em><u><strong>094-14<\/strong><\/u><\/em><\/span><\/font><font color=\"#ff0000\"><span lang=\"es-ES\"> \t   <\/span><\/font><font color=\"#ff0000\"><span lang=\"es-ES\"><strong>P38 \t(127M 036 02) \u2013 La Gerbaz. <\/strong><\/span><\/font><font color=\"#ff0000\"><strong>Alt. \t730m. <\/strong><\/font><font color=\"#ff0000\">Ce poteau a sa place 100m \tplus loin, juste avant le pont routier, pour diriger sur le tr\u00e8s \tbeau sentier qui part sur la droite en longeant le <\/font><font color=\"#ff0000\"><strong>Maravant<\/strong><\/font><font color=\"#ff0000\">. \tNous avons d\u2019ailleurs retrouv\u00e9 \u00e0 cet endroit un \tsupport m\u00e9tallique tr\u00e8s fortement endommag\u00e9 \t(certainement \u00e0 l\u2019aide d\u2019une masse) ce qui prouve que \tledit<\/font> <font color=\"#ff0000\">poteau devait se trouver ici \tauparavant. C\u2019est ce que nous ferons prochainement.<\/font><\/p>\n<\/li>\n<li>\n<p style=\"margin-bottom: 0cm\"><font color=\"#ff0000\"><em><u><strong>094-15<\/strong><\/u><\/em><\/font><font color=\"#ff0000\"><strong> \t   P37 (127M 035 02) \u2013 Moulin de la Gerbaz. Alt. 740m. <\/strong><\/font><font color=\"#ff0000\">En \tsuivant le chemin cit\u00e9 plus haut, lequel longe agr\u00e9ablement \tle torrent, nous arrivons 100m plus loin vers un joli petit pont de \tpierre, lieu dit le <\/font><font color=\"#ff0000\"><strong>Moulin<\/strong><\/font><font color=\"#ff0000\">. \tC\u2019est ici que nos deux boucles cessent de faire route commune et \tse s\u00e9parent, \u00e0 gauche pour la boucle du <\/font><font color=\"#ff0000\"><strong>Maravant \t(Champanges) <\/strong><\/font><font color=\"#ff0000\">et \u00e0 droite \tpour la <\/font><font color=\"#ff0000\"><strong>boucle du tilleul et de la \tpierre \u00e0 cupules (F\u00e9ternes)<\/strong><\/font><font color=\"#ff0000\">. \tC\u2019est \u00e0 ce carrefour que se trouve ce poteau qui est \tintrouvable et qu\u2019il faudra commander au SED. <\/font><\/p>\n<\/li>\n<li>\n<p style=\"margin-bottom: 0cm\"><font color=\"#ff0000\"><em><u><strong>094-16<\/strong><\/u><\/em><\/font><font color=\"#ff0000\"><strong> \t   P36 (127M033 02) Etang de March\u00e9. Alt. 745. <\/strong><\/font><font color=\"#ff0000\">Ce \tpoteau trouve sa place 200m plus loin en allant sur <\/font><font color=\"#ff0000\"><strong>F\u00e9ternes<\/strong><\/font><font color=\"#ff0000\"> \tvia <\/font><font color=\"#ff0000\"><strong>Curninges<\/strong><\/font><font color=\"#ff0000\">. \tL\u2019ayant retrouv\u00e9 dans les locaux de la mairie de <\/font><font color=\"#ff0000\"><strong>F\u00e9ternes<\/strong><\/font><font color=\"#ff0000\"> \t(selon <\/font><font color=\"#ff0000\"><em><u><strong>094-01<\/strong><\/u><\/em><\/font><font color=\"#ff0000\">), \tnous le poserons prochainement.<\/font><\/p>\n<\/li>\n<li>\n<p style=\"margin-bottom: 0cm\"><em><u><strong>094-17<\/strong><\/u><\/em>    \tConcernant ce balisage sur la zone de la Gerbaz et afin de ne pas \tsusciter de probl\u00e8mes avec des propri\u00e9taires peu \tcoop\u00e9ratifs, nous avons pris contact avec le maire de \tF\u00e9ternes qui nous a tr\u00e8s bien re\u00e7us. Il nous a \trassur\u00e9s et nous avons son feu vert pour l\u2019installation du \tmobilier concern\u00e9 sur cette zone.<\/p>\n<\/li>\n<\/ul>\n<p style=\"margin-bottom: 0cm\">\n<p style=\"margin-bottom: 0cm\"><em><u><strong>Littoral L\u00e9man sur Marin<\/strong><\/u><\/em><\/p>\n<p style=\"margin-bottom: 0cm\">\n<ul>\n<li>\n<p style=\"margin-bottom: 0cm\"><em><u><strong>094-18<\/strong><\/u><\/em><strong>    \tLL7 B8. <\/strong>Cette balise, r\u00e9cemment pos\u00e9e pr\u00e8s \tde Marinel (selon <em><u><strong>063-13<\/strong><\/u><\/em>) \u00e0 proximit\u00e9 \td\u2019un transformateur servant de lieu de rassemblement \u00e0 de \tjeunes marinois, a \u00e9t\u00e9 bouscul\u00e9e. Nous la \tscellons une nouvelle fois, cette fois ci contre un poteau de \tlampadaire en ciment, avec deux sacs de 25Kg de mortier.<\/p>\n<\/li>\n<\/ul>\n<p style=\"margin-bottom: 0cm\">&nbsp;<\/p>\n","protected":false},"excerpt":{"rendered":"<p>094-01 D\u00e9s le matin nous nous rendons \u00e0 l\u2019entrep\u00f4t de la commune de F\u00e9ternes pour r\u00e9cup\u00e9rer 15 balises et trois poteaux qui n\u2019avaient pas \u00e9t\u00e9 pos\u00e9s sur la boucle du tilleul et de la pierre \u00e0 cupules, ce qui explique nos interrogations rapport\u00e9es dans les comptes rendus N\u00b0s 89 &#8211; 90 &#8211; 91 &#8211; 92. <a class=\"continue\" href=\"https:\/\/louvionnets.fr\/blog\/?p=134\">[Continue]<\/a><\/p>\n","protected":false},"author":1,"featured_media":0,"comment_status":"open","ping_status":"open","sticky":false,"template":"","format":"standard","meta":{"footnotes":""},"categories":[2],"tags":[],"class_list":["post-134","post","type-post","status-publish","format-standard","hentry","category-blogroll"],"_links":{"self":[{"href":"https:\/\/louvionnets.fr\/blog\/index.php?rest_route=\/wp\/v2\/posts\/134","targetHints":{"allow":["GET"]}}],"collection":[{"href":"https:\/\/louvionnets.fr\/blog\/index.php?rest_route=\/wp\/v2\/posts"}],"about":[{"href":"https:\/\/louvionnets.fr\/blog\/index.php?rest_route=\/wp\/v2\/types\/post"}],"author":[{"embeddable":true,"href":"https:\/\/louvionnets.fr\/blog\/index.php?rest_route=\/wp\/v2\/users\/1"}],"replies":[{"embeddable":true,"href":"https:\/\/louvionnets.fr\/blog\/index.php?rest_route=%2Fwp%2Fv2%2Fcomments&post=134"}],"version-history":[{"count":0,"href":"https:\/\/louvionnets.fr\/blog\/index.php?rest_route=\/wp\/v2\/posts\/134\/revisions"}],"wp:attachment":[{"href":"https:\/\/louvionnets.fr\/blog\/index.php?rest_route=%2Fwp%2Fv2%2Fmedia&parent=134"}],"wp:term":[{"taxonomy":"category","embeddable":true,"href":"https:\/\/louvionnets.fr\/blog\/index.php?rest_route=%2Fwp%2Fv2%2Fcategories&post=134"},{"taxonomy":"post_tag","embeddable":true,"href":"https:\/\/louvionnets.fr\/blog\/index.php?rest_route=%2Fwp%2Fv2%2Ftags&post=134"}],"curies":[{"name":"wp","href":"https:\/\/api.w.org\/{rel}","templated":true}]}}