{"id":132,"date":"2007-11-27T22:27:57","date_gmt":"2007-11-27T21:27:57","guid":{"rendered":"http:\/\/prccevian.free.fr\/?p=132"},"modified":"2007-11-27T22:27:57","modified_gmt":"2007-11-27T21:27:57","slug":"lundi-26-novembre","status":"publish","type":"post","link":"https:\/\/louvionnets.fr\/blog\/?p=132","title":{"rendered":"lundi 26 novembre"},"content":{"rendered":"<ul>\n<li>\n<p style=\"margin-bottom: 0cm\"><em><u><strong>093-01<\/strong><\/u><\/em>    Ce \tmatin nous sommes trois avec Fr\u00e9d\u00e9ric qui nous \taccompagne pour la matin\u00e9e. Notre objectif est l\u2019entretien \tde la <strong>Boucle Creusaz-Chez les Vesins<\/strong>. Ce parcours relie le \t<strong>col de Creusaz<\/strong> commune de <strong>Bernex <\/strong>au village de <strong>Chez \tles Vesins<\/strong> commune de <strong>Thollon<\/strong>. Depuis le <strong>col de \tCreusaz<\/strong>, nous avons une boucle qui rejoint <strong>Lain<\/strong> en \tpassant soit par le <strong>bois de la Corne<\/strong> \u00e0 l\u2019Est, soit \tpar le <strong>bois de la Motte<\/strong> \u00e0 l\u2019Ouest. De <strong>Lain<\/strong> \tnous rejoignons le village de <strong>Chez les Vesin<\/strong>s par une large \tpiste.<\/p>\n<\/li>\n<li>\n<p style=\"margin-bottom: 0cm\"><em><u><strong>093-02<\/strong><\/u><\/em>    Les \tpr\u00e9c\u00e9dentes interventions relatives \u00e0 ce \tparcours font l\u2019objet des comptes rendus\u00a0: <em><u><strong>CR05<\/strong><\/u><\/em> \t  <em><u><strong>CR48<\/strong><\/u><\/em> <em><u><strong>CR87<\/strong><\/u><\/em>. Nous nous \trendons au <strong>col de Creusaz<\/strong>.<\/p>\n<\/li>\n<li>\n<p style=\"margin-bottom: 0cm\"><em><u><strong>093-03<\/strong><\/u><\/em><strong>    \tB9 \u2013 Alt. 1170m.<\/strong> Selon <em><u><strong>087-05.<\/strong><\/u><\/em> Nous \tscellons au mortier cette balise situ\u00e9e juste au dessus du \tpoteau <strong>P10 &#8211; Bois de la Corne. Alt. 1210m.<\/strong><\/p>\n<\/li>\n<li>\n<p style=\"margin-bottom: 0cm\"><em><u><strong>093-04<\/strong><\/u><\/em>    <strong>B10 \t\u2013 Alt. 1210m.<\/strong> Selon <em><u><strong>087-07.<\/strong><\/u><\/em> Cette balise \t\u00e9tait mat\u00e9rialis\u00e9e par un pictogramme coll\u00e9 \tsur un rocher affleurant le sol, ce qui \u00e9tait insuffisant \tpour indiquer la poursuite du parcours depuis le poteau du <strong>bois \tde la Corne<\/strong>, le sentier \u00e9tant inapparent sur cette zone \td\u2019alpage. Nous scellons donc une balise traditionnelle pour \tmarquer visuellement le parcours jusqu\u2019au moment o\u00f9 le \tsentier devient \u00e9vident. Puis nous descendons par le <strong>bois \tde la Corne<\/strong>.<\/p>\n<\/li>\n<li>\n<p style=\"margin-bottom: 0cm\"><em><u><strong>093-05<\/strong><\/u><\/em><strong>    \tB11 \u2013 Alt. 1120m. <\/strong>Selon <em><u><strong>087-08.<\/strong><\/u><\/em> Nous \trescellons cette balise qui avait disparu.<\/p>\n<\/li>\n<li>\n<p style=\"margin-bottom: 0cm\"><em><u><strong>093-06<\/strong><\/u><\/em><strong>    \tB12 \u2013 Alt. 1115m. <\/strong>Selon <em><u><strong>087-<\/strong><\/u><\/em><em><u>09.<\/u><\/em> \tNous scellons cette balise. Puis nous nous rendons en voiture au bas \tdu parcours, c\u2019est \u00e0 dire <strong>Chez les Vesins<\/strong><\/p>\n<\/li>\n<li>\n<p style=\"margin-bottom: 0cm\"><em><u><strong>093-07<\/strong><\/u><\/em><strong>    \tB13 \u2013 Alt. 1085m. <\/strong>Selon <em><u><strong>087-10.<\/strong><\/u><\/em> Nous \tscellons cette balise.<strong> <\/strong><\/p>\n<\/li>\n<li>\n<p style=\"margin-bottom: 0cm\"><em><u><strong>093-08<\/strong><\/u><\/em><strong>    \tB14 \u2013 Alt. 1045m. <\/strong>Selon <em><u><strong>087-11.<\/strong><\/u><\/em> Cette \tbalise a disparu, nous en scellons une nouvelle.<\/p>\n<\/li>\n<li>\n<p style=\"margin-bottom: 0cm\"><em><u><strong>093-09<\/strong><\/u><\/em><strong>    \tB15b \u2013 Alt. 1015m. <\/strong>Selon <em><u><strong>087-13.<\/strong><\/u><\/em> Nous \tscellons cette balise non r\u00e9pertori\u00e9e. Nous arrivons \tsur le poteau <strong>P11 \u2013 Lain. Alt. 1010m. <\/strong><\/p>\n<\/li>\n<li>\n<p style=\"margin-bottom: 0cm\"><em><u><strong>093-10<\/strong><\/u><\/em><strong>    \tB15 \u2013 Alt. 1015m. <\/strong>Selon <em><u><strong>087-20<\/strong><\/u><\/em>. Cette \tbalise qui se trouve \u00e0 une dizaine de m\u00e8tres plus haut \tpour indiquer le retour vers le  <strong>col de Creusaz<\/strong> par le <strong>bois \tde La Motte<\/strong> est pos\u00e9e contre un rocher et n\u2019a pas de \tsupport m\u00e9tallique. Nous la r\u00e9cup\u00e9rons et \tscellons \u00e0 sa place une nouvelle balise.<\/p>\n<\/li>\n<li>\n<p style=\"margin-bottom: 0cm\"><font color=\"#ff0000\"><em><u><strong>093-11<\/strong><\/u><\/em><\/font><font color=\"#ff0000\"><strong> \t   B17 \u2013 Alt. 940m. <\/strong><\/font><font color=\"#ff0000\"> Selon \t<\/font><font color=\"#ff0000\"><em><u><strong>087-15<\/strong><\/u><\/em><\/font><font color=\"#ff0000\">. \tNous retrouvons cette balise que nous n\u2019avions pas rep\u00e9r\u00e9e \tlors de notre pr\u00e9c\u00e9dente intervention, mais elle est \tdescell\u00e9e et en piteux \u00e9tat. Nous reviendrons en poser \tune nouvelle.<\/font><\/p>\n<\/li>\n<\/ul>\n","protected":false},"excerpt":{"rendered":"<p>093-01 Ce matin nous sommes trois avec Fr\u00e9d\u00e9ric qui nous accompagne pour la matin\u00e9e. Notre objectif est l\u2019entretien de la Boucle Creusaz-Chez les Vesins. Ce parcours relie le col de Creusaz commune de Bernex au village de Chez les Vesins commune de Thollon. Depuis le col de Creusaz, nous avons une boucle qui rejoint Lain <a class=\"continue\" href=\"https:\/\/louvionnets.fr\/blog\/?p=132\">[Continue]<\/a><\/p>\n","protected":false},"author":1,"featured_media":0,"comment_status":"open","ping_status":"open","sticky":false,"template":"","format":"standard","meta":{"footnotes":""},"categories":[2],"tags":[],"class_list":["post-132","post","type-post","status-publish","format-standard","hentry","category-blogroll"],"_links":{"self":[{"href":"https:\/\/louvionnets.fr\/blog\/index.php?rest_route=\/wp\/v2\/posts\/132","targetHints":{"allow":["GET"]}}],"collection":[{"href":"https:\/\/louvionnets.fr\/blog\/index.php?rest_route=\/wp\/v2\/posts"}],"about":[{"href":"https:\/\/louvionnets.fr\/blog\/index.php?rest_route=\/wp\/v2\/types\/post"}],"author":[{"embeddable":true,"href":"https:\/\/louvionnets.fr\/blog\/index.php?rest_route=\/wp\/v2\/users\/1"}],"replies":[{"embeddable":true,"href":"https:\/\/louvionnets.fr\/blog\/index.php?rest_route=%2Fwp%2Fv2%2Fcomments&post=132"}],"version-history":[{"count":0,"href":"https:\/\/louvionnets.fr\/blog\/index.php?rest_route=\/wp\/v2\/posts\/132\/revisions"}],"wp:attachment":[{"href":"https:\/\/louvionnets.fr\/blog\/index.php?rest_route=%2Fwp%2Fv2%2Fmedia&parent=132"}],"wp:term":[{"taxonomy":"category","embeddable":true,"href":"https:\/\/louvionnets.fr\/blog\/index.php?rest_route=%2Fwp%2Fv2%2Fcategories&post=132"},{"taxonomy":"post_tag","embeddable":true,"href":"https:\/\/louvionnets.fr\/blog\/index.php?rest_route=%2Fwp%2Fv2%2Ftags&post=132"}],"curies":[{"name":"wp","href":"https:\/\/api.w.org\/{rel}","templated":true}]}}